{"id":9031,"date":"2025-04-20T07:34:51","date_gmt":"2025-04-20T07:34:51","guid":{"rendered":"https:\/\/chilecitosports.com.ar\/?p=9031"},"modified":"2025-04-21T00:13:42","modified_gmt":"2025-04-21T00:13:42","slug":"futbol-sub-16-los-andes-vs-independiente-sin-fecha-confirmada-de-la-final-del-provincial","status":"publish","type":"post","link":"https:\/\/chilecitosports.com.ar\/index.php\/2025\/04\/20\/futbol-sub-16-los-andes-vs-independiente-sin-fecha-confirmada-de-la-final-del-provincial\/","title":{"rendered":"F\u00daTBOL SUB.16: LOS ANDES VS. INDEPENDIENTE, SER\u00c1N DOS, LAS FINALES DEL PROVINCIAL"},"content":{"rendered":"<p style=\"text-align: justify;\">En la final de ida es local el Rojo, y la revancha el anfitri\u00f3n el equipo de Los Sarmientos, donde se va coronar al campe\u00f3n de la Federaci\u00f3n Riojana de F\u00fatbol temporada 2024\/25. <!--more--><br \/>\nEl martes en la ciudad Capital, en la reuni\u00f3n de la Federaci\u00f3n Riojana de F\u00fatbol se sortearon las local\u00edas en la final del Provincial de Clubes de la categor\u00eda Sub-16, donde se enfrentar\u00e1n Los Andes de Los Sarmientos \u2013 Independiente de Chilecito, ambos equipos de la Liga Chilecite\u00f1a de F\u00fatbol. El primer partido, se jugar\u00e1 el fin de semana del 26 y 27 cuando sea local el Rojo, mientras que la revancha ser\u00e1 el fin de semana siguiente, donde ser\u00e1 local el Sarmientino.<br \/>\nAdem\u00e1s, el presidente de la Federaci\u00f3n, Juan Pablo Ceballos, anunci\u00f3 que se realizar\u00e1n las gestiones para que el campe\u00f3n dispute un partido amistoso en el predio \u201cLionel Andr\u00e9s Messi\u201d, que la AFA tiene en Ezeiza.<\/p>\n","protected":false},"excerpt":{"rendered":"<p>En la final de ida es local el Rojo, y la revancha el anfitri\u00f3n el equipo de Los Sarmientos, donde&hellip;<\/p>\n","protected":false},"author":2,"featured_media":9032,"comment_status":"open","ping_status":"open","sticky":false,"template":"","format":"standard","meta":{"footnotes":""},"categories":[7],"tags":[],"class_list":["post-9031","post","type-post","status-publish","format-standard","has-post-thumbnail","hentry","category-provinciales"],"_links":{"self":[{"href":"https:\/\/chilecitosports.com.ar\/index.php\/wp-json\/wp\/v2\/posts\/9031","targetHints":{"allow":["GET"]}}],"collection":[{"href":"https:\/\/chilecitosports.com.ar\/index.php\/wp-json\/wp\/v2\/posts"}],"about":[{"href":"https:\/\/chilecitosports.com.ar\/index.php\/wp-json\/wp\/v2\/types\/post"}],"author":[{"embeddable":true,"href":"https:\/\/chilecitosports.com.ar\/index.php\/wp-json\/wp\/v2\/users\/2"}],"replies":[{"embeddable":true,"href":"https:\/\/chilecitosports.com.ar\/index.php\/wp-json\/wp\/v2\/comments?post=9031"}],"version-history":[{"count":0,"href":"https:\/\/chilecitosports.com.ar\/index.php\/wp-json\/wp\/v2\/posts\/9031\/revisions"}],"wp:featuredmedia":[{"embeddable":true,"href":"https:\/\/chilecitosports.com.ar\/index.php\/wp-json\/wp\/v2\/media\/9032"}],"wp:attachment":[{"href":"https:\/\/chilecitosports.com.ar\/index.php\/wp-json\/wp\/v2\/media?parent=9031"}],"wp:term":[{"taxonomy":"category","embeddable":true,"href":"https:\/\/chilecitosports.com.ar\/index.php\/wp-json\/wp\/v2\/categories?post=9031"},{"taxonomy":"post_tag","embeddable":true,"href":"https:\/\/chilecitosports.com.ar\/index.php\/wp-json\/wp\/v2\/tags?post=9031"}],"curies":[{"name":"wp","href":"https:\/\/api.w.org\/{rel}","templated":true}]}}