{"id":7055,"date":"2025-01-09T01:00:19","date_gmt":"2025-01-09T01:00:19","guid":{"rendered":"https:\/\/chilecitosports.com.ar\/?p=7055"},"modified":"2025-01-09T01:00:19","modified_gmt":"2025-01-09T01:00:19","slug":"seleccion-sub-20-controversia-entre-el-gobierno-y-afa-por-el-viaje-a-venezuela-al-sudamericano","status":"publish","type":"post","link":"https:\/\/chilecitosports.com.ar\/index.php\/2025\/01\/09\/seleccion-sub-20-controversia-entre-el-gobierno-y-afa-por-el-viaje-a-venezuela-al-sudamericano\/","title":{"rendered":"SELECCI\u00d3N SUB.20: CONTROVERSIA ENTRE EL GOBIERNO Y AFA POR EL VIAJE A VENEZUELA AL SUDAMERICANO\u00a0"},"content":{"rendered":"<p style=\"text-align: justify;\">Seg\u00fan Patricia Bullrich, Argentina no ir\u00e1 al Sub 20 de Venezuela por miedo al secuestro de los jugadores. La dirigencia dice que se viajar\u00e1.<!--more--><\/p>\n<p style=\"text-align: justify;\">Seg\u00fan Patricia Bullrich, Argentina no ir\u00e1 al Sub 20 de Venezuela por miedo al secuestro de los jugadores<br \/>\nEn medio del conflicto por el gendarme encarcelado y el clima de tensi\u00f3n por la asunci\u00f3n presidencial de Maduro, la Ministra de Seguridad de la Naci\u00f3n, en di\u00e1logo con CNN, fue tajante y hasta le pidi\u00f3 a Conmebol que cambie de sede<\/p>\n<p style=\"text-align: justify;\">Tras los dichos de Patricia Bullrich, quien hab\u00eda se\u00f1alado que la Selecci\u00f3n Sub 20 no viajar\u00e1 al Sudamericano por disputarse en Venezuela, desde la AFA le aseguraron a Ol\u00e9 que la delegaci\u00f3n no tiene cambios de planes<br \/>\nMientras tanto, la Conmebol sigue monitoreando la situaci\u00f3n en Venezuela, donde, al menos por ahora, est\u00e1 previsto que inicie el torneo el 23\/01<br \/>\nArgentina tiene estipulado viajar a Chile para disputar dos amistosos y de ah\u00ed ir\u00e1 a Venezuela, v\u00eda Colombia, para jugar el Sudamericano, donde debuta el 24\/01 vs. Brasil<br \/>\n\u00bfQu\u00e9 hab\u00eda dicho Bullrich? &#8220;Deber\u00e1n cambiar de sede, la Conmebol lo va a tener que pensar, Argentina no va a mandar chicos que los pueden secuestrar&#8221;<br \/>\nEl viaje se da en medio del conflicto diplom\u00e1tico por el gendarme argentino encarcelado en Venezuela y el clima de tensi\u00f3n en ese pa\u00eds por la asunci\u00f3n presidencial de Maduro.<\/p>\n","protected":false},"excerpt":{"rendered":"<p>Seg\u00fan Patricia Bullrich, Argentina no ir\u00e1 al Sub 20 de Venezuela por miedo al secuestro de los jugadores. La dirigencia&hellip;<\/p>\n","protected":false},"author":2,"featured_media":7056,"comment_status":"open","ping_status":"open","sticky":false,"template":"","format":"standard","meta":{"footnotes":""},"categories":[6],"tags":[],"class_list":["post-7055","post","type-post","status-publish","format-standard","has-post-thumbnail","hentry","category-internacionales"],"_links":{"self":[{"href":"https:\/\/chilecitosports.com.ar\/index.php\/wp-json\/wp\/v2\/posts\/7055","targetHints":{"allow":["GET"]}}],"collection":[{"href":"https:\/\/chilecitosports.com.ar\/index.php\/wp-json\/wp\/v2\/posts"}],"about":[{"href":"https:\/\/chilecitosports.com.ar\/index.php\/wp-json\/wp\/v2\/types\/post"}],"author":[{"embeddable":true,"href":"https:\/\/chilecitosports.com.ar\/index.php\/wp-json\/wp\/v2\/users\/2"}],"replies":[{"embeddable":true,"href":"https:\/\/chilecitosports.com.ar\/index.php\/wp-json\/wp\/v2\/comments?post=7055"}],"version-history":[{"count":0,"href":"https:\/\/chilecitosports.com.ar\/index.php\/wp-json\/wp\/v2\/posts\/7055\/revisions"}],"wp:featuredmedia":[{"embeddable":true,"href":"https:\/\/chilecitosports.com.ar\/index.php\/wp-json\/wp\/v2\/media\/7056"}],"wp:attachment":[{"href":"https:\/\/chilecitosports.com.ar\/index.php\/wp-json\/wp\/v2\/media?parent=7055"}],"wp:term":[{"taxonomy":"category","embeddable":true,"href":"https:\/\/chilecitosports.com.ar\/index.php\/wp-json\/wp\/v2\/categories?post=7055"},{"taxonomy":"post_tag","embeddable":true,"href":"https:\/\/chilecitosports.com.ar\/index.php\/wp-json\/wp\/v2\/tags?post=7055"}],"curies":[{"name":"wp","href":"https:\/\/api.w.org\/{rel}","templated":true}]}}