{"id":19428,"date":"2026-09-06T15:23:19","date_gmt":"2026-09-06T15:23:19","guid":{"rendered":"https:\/\/chilecitosports.com.ar\/?p=19428"},"modified":"2026-09-06T15:23:19","modified_gmt":"2026-09-06T15:23:19","slug":"colapinto-sumo-puntos-en-monza","status":"publish","type":"post","link":"https:\/\/chilecitosports.com.ar\/index.php\/2026\/09\/06\/colapinto-sumo-puntos-en-monza\/","title":{"rendered":"COLAPINTO SUM\u00d3 PUNTOS EN MONZA"},"content":{"rendered":"<p style=\"text-align: justify;\">El piloto argentino, que lleg\u00f3 a estar en el tercer puesto, finaliz\u00f3 noveno en el Gran Premio de Monza y sum\u00f3 dos puntos en la jornada de este domingo.<\/p>\n<p style=\"text-align: justify;\">\n<p style=\"text-align: justify;\">Se viene el GP de Espa\u00f1a, del 11 al 13 de septiembre.<\/p>\n","protected":false},"excerpt":{"rendered":"<p>El piloto argentino, que lleg\u00f3 a estar en el tercer puesto, finaliz\u00f3 noveno en el Gran Premio de Monza y&hellip;<\/p>\n","protected":false},"author":2,"featured_media":19429,"comment_status":"closed","ping_status":"closed","sticky":false,"template":"","format":"standard","meta":{"footnotes":""},"categories":[6],"tags":[],"class_list":["post-19428","post","type-post","status-publish","format-standard","has-post-thumbnail","hentry","category-internacionales"],"_links":{"self":[{"href":"https:\/\/chilecitosports.com.ar\/index.php\/wp-json\/wp\/v2\/posts\/19428","targetHints":{"allow":["GET"]}}],"collection":[{"href":"https:\/\/chilecitosports.com.ar\/index.php\/wp-json\/wp\/v2\/posts"}],"about":[{"href":"https:\/\/chilecitosports.com.ar\/index.php\/wp-json\/wp\/v2\/types\/post"}],"author":[{"embeddable":true,"href":"https:\/\/chilecitosports.com.ar\/index.php\/wp-json\/wp\/v2\/users\/2"}],"replies":[{"embeddable":true,"href":"https:\/\/chilecitosports.com.ar\/index.php\/wp-json\/wp\/v2\/comments?post=19428"}],"version-history":[{"count":1,"href":"https:\/\/chilecitosports.com.ar\/index.php\/wp-json\/wp\/v2\/posts\/19428\/revisions"}],"predecessor-version":[{"id":19430,"href":"https:\/\/chilecitosports.com.ar\/index.php\/wp-json\/wp\/v2\/posts\/19428\/revisions\/19430"}],"wp:featuredmedia":[{"embeddable":true,"href":"https:\/\/chilecitosports.com.ar\/index.php\/wp-json\/wp\/v2\/media\/19429"}],"wp:attachment":[{"href":"https:\/\/chilecitosports.com.ar\/index.php\/wp-json\/wp\/v2\/media?parent=19428"}],"wp:term":[{"taxonomy":"category","embeddable":true,"href":"https:\/\/chilecitosports.com.ar\/index.php\/wp-json\/wp\/v2\/categories?post=19428"},{"taxonomy":"post_tag","embeddable":true,"href":"https:\/\/chilecitosports.com.ar\/index.php\/wp-json\/wp\/v2\/tags?post=19428"}],"curies":[{"name":"wp","href":"https:\/\/api.w.org\/{rel}","templated":true}]}}