{"id":19400,"date":"2026-09-05T23:42:18","date_gmt":"2026-09-05T23:42:18","guid":{"rendered":"https:\/\/chilecitosports.com.ar\/?p=19400"},"modified":"2026-09-05T23:42:18","modified_gmt":"2026-09-05T23:42:18","slug":"lamento-de-boca-el-lobo-mendocino-se-lo-empato-en-el-descuento","status":"publish","type":"post","link":"https:\/\/chilecitosports.com.ar\/index.php\/2026\/09\/05\/lamento-de-boca-el-lobo-mendocino-se-lo-empato-en-el-descuento\/","title":{"rendered":"LAMENTO DE BOCA, EL LOBO MENDOCINO SE LO EMPAT\u00d3 EN EL DESCUENTO"},"content":{"rendered":"<p style=\"text-align: justify;\">Gimnasia \u00a0se lo igual\u00f3 en la hora al Xeneize, fue 2-2, \u00a0y contin\u00faa como l\u00edder de la Zona A del Clausura.<!--more--><\/p>\n<p style=\"text-align: justify;\">\n<p style=\"text-align: justify;\">GIMNASIA DE MENDOZA y BOCA empataron 2-2\u00a0por la fecha 8 del Torneo Clausura 2026\u00a0en el Estadio Victor Legrotaglie.<\/p>\n<p style=\"text-align: justify;\">El Lobo, l\u00edder de la Zona A, aprovech\u00f3 que el Xeneize puso mayor\u00eda de suplentes y desde el primer momento fue a buscar el partido: Facundo Lencioni, en una de las primeras, estrell\u00f3 su remate en el palo.<\/p>\n<p style=\"text-align: justify;\">El Xeneize aprovech\u00f3 una contra que defini\u00f3 con clase Alan Velasco\u00a0para ponerse en ventaja despu\u00e9s de salvarse en reiteradas oporunidades.\u00a0R\u00e1pidamente, Ignacio Sabatini puso el 1-1 transitorio para los cuyanos.<\/p>\n<p style=\"text-align: justify;\">En una de las \u00faltimas del primer tiempo,\u00a0Alan Velasco cedi\u00f3 de taco, Dylan Gorosito sac\u00f3 el centro y Kevin Zen\u00f3n puso el 2-1. El Xeneize hizo pesar su jerarqu\u00eda.<\/p>\n<p style=\"text-align: justify;\">Sin embargo, en el complemento, los de Rodolfo Arruabarrena se tiraron muy atr\u00e1s y pagaron:\u00a0primero, Ignacio Sabatini empat\u00f3 pero el VAR determin\u00f3 que la anotaci\u00f3n era inv\u00e1lida por offside.<\/p>\n<p style=\"text-align: justify;\">En tiempo de descuento, un mal rechazo de Facundo Herrera le sirvi\u00f3 la igualdad a Esteban Fern\u00e1ndez,\u00a0que le puso un manto de justicia a un partidazo en Mendoza.<\/p>\n","protected":false},"excerpt":{"rendered":"<p>Gimnasia \u00a0se lo igual\u00f3 en la hora al Xeneize, fue 2-2, \u00a0y contin\u00faa como l\u00edder de la Zona A del&hellip;<\/p>\n","protected":false},"author":2,"featured_media":19401,"comment_status":"closed","ping_status":"closed","sticky":false,"template":"","format":"standard","meta":{"footnotes":""},"categories":[1],"tags":[],"class_list":["post-19400","post","type-post","status-publish","format-standard","has-post-thumbnail","hentry","category-nacionales"],"_links":{"self":[{"href":"https:\/\/chilecitosports.com.ar\/index.php\/wp-json\/wp\/v2\/posts\/19400","targetHints":{"allow":["GET"]}}],"collection":[{"href":"https:\/\/chilecitosports.com.ar\/index.php\/wp-json\/wp\/v2\/posts"}],"about":[{"href":"https:\/\/chilecitosports.com.ar\/index.php\/wp-json\/wp\/v2\/types\/post"}],"author":[{"embeddable":true,"href":"https:\/\/chilecitosports.com.ar\/index.php\/wp-json\/wp\/v2\/users\/2"}],"replies":[{"embeddable":true,"href":"https:\/\/chilecitosports.com.ar\/index.php\/wp-json\/wp\/v2\/comments?post=19400"}],"version-history":[{"count":2,"href":"https:\/\/chilecitosports.com.ar\/index.php\/wp-json\/wp\/v2\/posts\/19400\/revisions"}],"predecessor-version":[{"id":19403,"href":"https:\/\/chilecitosports.com.ar\/index.php\/wp-json\/wp\/v2\/posts\/19400\/revisions\/19403"}],"wp:featuredmedia":[{"embeddable":true,"href":"https:\/\/chilecitosports.com.ar\/index.php\/wp-json\/wp\/v2\/media\/19401"}],"wp:attachment":[{"href":"https:\/\/chilecitosports.com.ar\/index.php\/wp-json\/wp\/v2\/media?parent=19400"}],"wp:term":[{"taxonomy":"category","embeddable":true,"href":"https:\/\/chilecitosports.com.ar\/index.php\/wp-json\/wp\/v2\/categories?post=19400"},{"taxonomy":"post_tag","embeddable":true,"href":"https:\/\/chilecitosports.com.ar\/index.php\/wp-json\/wp\/v2\/tags?post=19400"}],"curies":[{"name":"wp","href":"https:\/\/api.w.org\/{rel}","templated":true}]}}