{"id":19390,"date":"2026-09-05T07:14:43","date_gmt":"2026-09-05T07:14:43","guid":{"rendered":"https:\/\/chilecitosports.com.ar\/?p=19390"},"modified":"2026-09-05T13:19:59","modified_gmt":"2026-09-05T13:19:59","slug":"un-boca-alternativo-visita-a-gimnasia-de-mendoza","status":"publish","type":"post","link":"https:\/\/chilecitosports.com.ar\/index.php\/2026\/09\/05\/un-boca-alternativo-visita-a-gimnasia-de-mendoza\/","title":{"rendered":"UN BOCA ALTERNATIVO, VISITA A GIMNASIA DE MENDOZA"},"content":{"rendered":"<p style=\"text-align: justify;\">Este s\u00e1bado se presenta el Xeneize por el \u00a0Torneo Clausura 2026 de la Liga Profesional.<!--more--><\/p>\n<p style=\"text-align: justify;\">Gimnasia de Mendoza, sin Agust\u00edn M\u00f3dica, se mide con un Boca Juniors que tendr\u00e1 una rotaci\u00f3n masiva para este duelo por el Torneo Clausura 2026 de la Liga Profesional.<\/p>\n<p style=\"text-align: justify;\"><a href=\"https:\/\/gimnasiayesgrimamza.com.ar\/\">Gimnasia de Mendoza<\/a>\u00a0recibe hoy s\u00e1bado a\u00a0<a href=\"https:\/\/www.bocajuniors.com.ar\/\">Boca Juniors<\/a>, desde las 16.30 en el estadio\u00a0V\u00edctor Legrotaglie por la fecha 8 de la Zona A del\u00a0<a href=\"https:\/\/www.ligaprofesional.ar\/\">Torneo Clausura 2026 de la Liga Profesional<\/a>. El \u00e1rbitro del encuentro ser\u00e1\u00a0Dar\u00edo Herrera, quien tendr\u00e1 como asistentes a\u00a0Facundo Rodr\u00edguez\u00a0y\u00a0Diego Mart\u00edn, mientras que\u00a0Agust\u00edn Vegetti\u00a0ser\u00e1 el cuarto \u00e1rbitro. Adem\u00e1s,\u00a0Silvio Trucco\u00a0est\u00e1 al mando del\u00a0VAR\u00a0y\u00a0Diego Romero\u00a0del\u00a0AVAR.<\/p>\n","protected":false},"excerpt":{"rendered":"<p>Este s\u00e1bado se presenta el Xeneize por el \u00a0Torneo Clausura 2026 de la Liga Profesional.<\/p>\n","protected":false},"author":2,"featured_media":18816,"comment_status":"closed","ping_status":"closed","sticky":false,"template":"","format":"standard","meta":{"footnotes":""},"categories":[1],"tags":[],"class_list":["post-19390","post","type-post","status-publish","format-standard","has-post-thumbnail","hentry","category-nacionales"],"_links":{"self":[{"href":"https:\/\/chilecitosports.com.ar\/index.php\/wp-json\/wp\/v2\/posts\/19390","targetHints":{"allow":["GET"]}}],"collection":[{"href":"https:\/\/chilecitosports.com.ar\/index.php\/wp-json\/wp\/v2\/posts"}],"about":[{"href":"https:\/\/chilecitosports.com.ar\/index.php\/wp-json\/wp\/v2\/types\/post"}],"author":[{"embeddable":true,"href":"https:\/\/chilecitosports.com.ar\/index.php\/wp-json\/wp\/v2\/users\/2"}],"replies":[{"embeddable":true,"href":"https:\/\/chilecitosports.com.ar\/index.php\/wp-json\/wp\/v2\/comments?post=19390"}],"version-history":[{"count":1,"href":"https:\/\/chilecitosports.com.ar\/index.php\/wp-json\/wp\/v2\/posts\/19390\/revisions"}],"predecessor-version":[{"id":19391,"href":"https:\/\/chilecitosports.com.ar\/index.php\/wp-json\/wp\/v2\/posts\/19390\/revisions\/19391"}],"wp:featuredmedia":[{"embeddable":true,"href":"https:\/\/chilecitosports.com.ar\/index.php\/wp-json\/wp\/v2\/media\/18816"}],"wp:attachment":[{"href":"https:\/\/chilecitosports.com.ar\/index.php\/wp-json\/wp\/v2\/media?parent=19390"}],"wp:term":[{"taxonomy":"category","embeddable":true,"href":"https:\/\/chilecitosports.com.ar\/index.php\/wp-json\/wp\/v2\/categories?post=19390"},{"taxonomy":"post_tag","embeddable":true,"href":"https:\/\/chilecitosports.com.ar\/index.php\/wp-json\/wp\/v2\/tags?post=19390"}],"curies":[{"name":"wp","href":"https:\/\/api.w.org\/{rel}","templated":true}]}}