{"id":19384,"date":"2026-09-04T03:18:46","date_gmt":"2026-09-04T03:18:46","guid":{"rendered":"https:\/\/chilecitosports.com.ar\/?p=19384"},"modified":"2026-09-04T17:19:40","modified_gmt":"2026-09-04T17:19:40","slug":"marcelo-gallardo-sera-el-nuevo-dt-de-la-seleccion-de-ecuador","status":"publish","type":"post","link":"https:\/\/chilecitosports.com.ar\/index.php\/2026\/09\/04\/marcelo-gallardo-sera-el-nuevo-dt-de-la-seleccion-de-ecuador\/","title":{"rendered":"MARCELO GALLARDO SER\u00c1 EL NUEVO DT DE LA SELECCI\u00d3N DE ECUADOR"},"content":{"rendered":"<p style=\"text-align: justify;\">El Mu\u00f1eco ser\u00e1 el sucesor de Sebasti\u00e1n Beccacece en la Tri y quedar\u00e1 al mando hasta el Mundial 2030.<!--more--><\/p>\n<p style=\"text-align: justify;\">Luego de varias semanas de negociaciones,\u00a0la Selecci\u00f3n de Ecuador ya tiene al reemplazante de Sebasti\u00e1n Beccacece\u00a0y puso los ojos en otro director t\u00e9cnico argentino:\u00a0Marcelo Gallardo acord\u00f3 su contrato y est\u00e1 a sola firma de asumir.<\/p>\n<p style=\"text-align: justify;\">La Federaci\u00f3n Ecuatoriana vuelve a apostar por un argentino de cara a la Copa del Mundo 2030.\u00a0Beccacece dirigi\u00f3 a la Tricolor en 2026, en la cual\u00a0<a href=\"https:\/\/www.tycsports.com\/mundial\/fifa-mundial-mx-usa-can-2026-mexico-vs-ecuador-llave-11-id746740.html\">cay\u00f3 ante M\u00e9xico en 16vos de final\u00a0<\/a>pero logr\u00f3 un hist\u00f3rico\u00a0<a href=\"https:\/\/www.tycsports.com\/mundial\/fifa-mundial-mx-usa-can-2026-ecuador-vs-alemania-grupo-e-fecha-3-id737891.html\">triunfo ante Alemania\u00a0<\/a>en primera ronda. Previamente,\u00a0Gustavo Alfaro hab\u00eda estado al frente en Qatar 2022, aunque no logr\u00f3 superar la fase de grupos.<\/p>\n","protected":false},"excerpt":{"rendered":"<p>El Mu\u00f1eco ser\u00e1 el sucesor de Sebasti\u00e1n Beccacece en la Tri y quedar\u00e1 al mando hasta el Mundial 2030.<\/p>\n","protected":false},"author":2,"featured_media":19385,"comment_status":"closed","ping_status":"closed","sticky":false,"template":"","format":"standard","meta":{"footnotes":""},"categories":[6],"tags":[],"class_list":["post-19384","post","type-post","status-publish","format-standard","has-post-thumbnail","hentry","category-internacionales"],"_links":{"self":[{"href":"https:\/\/chilecitosports.com.ar\/index.php\/wp-json\/wp\/v2\/posts\/19384","targetHints":{"allow":["GET"]}}],"collection":[{"href":"https:\/\/chilecitosports.com.ar\/index.php\/wp-json\/wp\/v2\/posts"}],"about":[{"href":"https:\/\/chilecitosports.com.ar\/index.php\/wp-json\/wp\/v2\/types\/post"}],"author":[{"embeddable":true,"href":"https:\/\/chilecitosports.com.ar\/index.php\/wp-json\/wp\/v2\/users\/2"}],"replies":[{"embeddable":true,"href":"https:\/\/chilecitosports.com.ar\/index.php\/wp-json\/wp\/v2\/comments?post=19384"}],"version-history":[{"count":1,"href":"https:\/\/chilecitosports.com.ar\/index.php\/wp-json\/wp\/v2\/posts\/19384\/revisions"}],"predecessor-version":[{"id":19386,"href":"https:\/\/chilecitosports.com.ar\/index.php\/wp-json\/wp\/v2\/posts\/19384\/revisions\/19386"}],"wp:featuredmedia":[{"embeddable":true,"href":"https:\/\/chilecitosports.com.ar\/index.php\/wp-json\/wp\/v2\/media\/19385"}],"wp:attachment":[{"href":"https:\/\/chilecitosports.com.ar\/index.php\/wp-json\/wp\/v2\/media?parent=19384"}],"wp:term":[{"taxonomy":"category","embeddable":true,"href":"https:\/\/chilecitosports.com.ar\/index.php\/wp-json\/wp\/v2\/categories?post=19384"},{"taxonomy":"post_tag","embeddable":true,"href":"https:\/\/chilecitosports.com.ar\/index.php\/wp-json\/wp\/v2\/tags?post=19384"}],"curies":[{"name":"wp","href":"https:\/\/api.w.org\/{rel}","templated":true}]}}