{"id":19378,"date":"2026-09-04T03:55:02","date_gmt":"2026-09-04T03:55:02","guid":{"rendered":"https:\/\/chilecitosports.com.ar\/?p=19378"},"modified":"2026-09-04T12:55:38","modified_gmt":"2026-09-04T12:55:38","slug":"f1-colapinto-se-alista-para-el-gp-de-monza","status":"publish","type":"post","link":"https:\/\/chilecitosports.com.ar\/index.php\/2026\/09\/04\/f1-colapinto-se-alista-para-el-gp-de-monza\/","title":{"rendered":"F1: COLAPINTO SE ALISTA PARA EL GP DE MONZA"},"content":{"rendered":"<p style=\"text-align: justify;\">La F\u00f3rmula 1 llega al \u201cTemplo de la Velocidad\u201d en Monza, en un momento clave de la temporada.<!--more--><\/p>\n<p style=\"text-align: justify;\">El piloto argentino\u00a0Franco Colapinto\u00a0(Alpine) dir\u00e1 presente este fin de semana en el Gran Premio de Italia, correspondiente a la\u00a0decimotercera fecha del campeonato de F\u00f3rmula 1.<\/p>\n<p style=\"text-align: justify;\">Este Gran Premio se lleva a cabo en el\u00a0Aut\u00f3dromo Nacional de\u00a0Monza, tambi\u00e9n conocido como el\u00a0&#8220;Templo de la Velocidad&#8221;, que\u00a0cuenta con 11 curvas y una extensi\u00f3n de 5.793 kil\u00f3metros.<\/p>\n<p style=\"text-align: justify;\">Esta fecha del campeonato llega en medio de una\u00a0gran temporada de\u00a0Colapinto, en la que\u00a0ya sum\u00f3 19 puntos\u00a0y protagoniz\u00f3 grandes actuaciones como el s\u00e9ptimo y sexto puesto conseguido en Miami y Canad\u00e1, respectivamente. Adem\u00e1s, tuvo muy buenas remontadas en China y Gran Breta\u00f1a.<\/p>\n<p style=\"text-align: justify;\">La actividad en el GP de Italia comenzar\u00e1 el viernes con las primeras dos pr\u00e1cticas libres, que est\u00e1n programadas para las 7:30 y las 11 de la ma\u00f1ana.<\/p>\n<p style=\"text-align: justify;\">Por otra parte, el s\u00e1bado a las 7 de la ma\u00f1ana ser\u00e1 la tercera y \u00faltima sesi\u00f3n de entrenamientos, mientras que cuatro horas despu\u00e9s comenzar\u00e1 la clasificaci\u00f3n.<\/p>\n<p style=\"text-align: justify;\">Finalmente, la carrera del GP de Italia est\u00e1 programada para el domingo a las 10 de la ma\u00f1ana.<\/p>\n<p style=\"text-align: justify;\">\n<p style=\"text-align: justify;\"><strong>El cronograma y horarios del GP de Italia<\/strong><\/p>\n<p style=\"text-align: justify;\"><em><strong>*Viernes 4\/9<\/strong><\/em><\/p>\n<p style=\"text-align: justify;\">Pr\u00e1ctica libre 1 a las 7:30<\/p>\n<p style=\"text-align: justify;\">Pr\u00e1ctica libre 2 a las 11<\/p>\n<p style=\"text-align: justify;\"><em><strong>*S\u00e1bado 5\/9<\/strong><\/em><\/p>\n<p style=\"text-align: justify;\">Pr\u00e1ctica libre 3 a las 7<\/p>\n<p style=\"text-align: justify;\">Clasificaci\u00f3n a las 11<\/p>\n<p style=\"text-align: justify;\"><strong><em>*Domingo 6\/9<\/em><\/strong><\/p>\n<p style=\"text-align: justify;\">Carrera a las 10<\/p>\n","protected":false},"excerpt":{"rendered":"<p>La F\u00f3rmula 1 llega al \u201cTemplo de la Velocidad\u201d en Monza, en un momento clave de la temporada.<\/p>\n","protected":false},"author":2,"featured_media":19379,"comment_status":"closed","ping_status":"closed","sticky":false,"template":"","format":"standard","meta":{"footnotes":""},"categories":[6],"tags":[],"class_list":["post-19378","post","type-post","status-publish","format-standard","has-post-thumbnail","hentry","category-internacionales"],"_links":{"self":[{"href":"https:\/\/chilecitosports.com.ar\/index.php\/wp-json\/wp\/v2\/posts\/19378","targetHints":{"allow":["GET"]}}],"collection":[{"href":"https:\/\/chilecitosports.com.ar\/index.php\/wp-json\/wp\/v2\/posts"}],"about":[{"href":"https:\/\/chilecitosports.com.ar\/index.php\/wp-json\/wp\/v2\/types\/post"}],"author":[{"embeddable":true,"href":"https:\/\/chilecitosports.com.ar\/index.php\/wp-json\/wp\/v2\/users\/2"}],"replies":[{"embeddable":true,"href":"https:\/\/chilecitosports.com.ar\/index.php\/wp-json\/wp\/v2\/comments?post=19378"}],"version-history":[{"count":1,"href":"https:\/\/chilecitosports.com.ar\/index.php\/wp-json\/wp\/v2\/posts\/19378\/revisions"}],"predecessor-version":[{"id":19380,"href":"https:\/\/chilecitosports.com.ar\/index.php\/wp-json\/wp\/v2\/posts\/19378\/revisions\/19380"}],"wp:featuredmedia":[{"embeddable":true,"href":"https:\/\/chilecitosports.com.ar\/index.php\/wp-json\/wp\/v2\/media\/19379"}],"wp:attachment":[{"href":"https:\/\/chilecitosports.com.ar\/index.php\/wp-json\/wp\/v2\/media?parent=19378"}],"wp:term":[{"taxonomy":"category","embeddable":true,"href":"https:\/\/chilecitosports.com.ar\/index.php\/wp-json\/wp\/v2\/categories?post=19378"},{"taxonomy":"post_tag","embeddable":true,"href":"https:\/\/chilecitosports.com.ar\/index.php\/wp-json\/wp\/v2\/tags?post=19378"}],"curies":[{"name":"wp","href":"https:\/\/api.w.org\/{rel}","templated":true}]}}