{"id":19367,"date":"2026-09-03T16:39:29","date_gmt":"2026-09-03T16:39:29","guid":{"rendered":"https:\/\/chilecitosports.com.ar\/?p=19367"},"modified":"2026-09-03T17:08:04","modified_gmt":"2026-09-03T17:08:04","slug":"tranquilidad-en-boca-paredes-solo-tiene-una-contractura","status":"publish","type":"post","link":"https:\/\/chilecitosports.com.ar\/index.php\/2026\/09\/03\/tranquilidad-en-boca-paredes-solo-tiene-una-contractura\/","title":{"rendered":"TRANQUILIDAD EN BOCA, PAREDES SOLO TIENE UNA CONTRACTURA"},"content":{"rendered":"<p style=\"text-align: justify;\">El capit\u00e1n del Xeneize s\u00f3lo sufri\u00f3 una contractura en el isquiotibial izquierdo ante V\u00e9lez este mi\u00e9rcoles por la noche, donde pidi\u00f3 el cambio a un minuto de los noventa reglamentarios.<\/p>\n<p>Paredes, ahora descansar\u00eda ante Gimnasia y Esgrima de Mendoza, para ponerse a punto para el duelo con Sao Paulo, de la semana que viene por los cuartos de final de Copa Sudamericana.<\/p>\n","protected":false},"excerpt":{"rendered":"<p>El capit\u00e1n del Xeneize s\u00f3lo sufri\u00f3 una contractura en el isquiotibial izquierdo ante V\u00e9lez este mi\u00e9rcoles por la noche, donde&hellip;<\/p>\n","protected":false},"author":2,"featured_media":19374,"comment_status":"closed","ping_status":"closed","sticky":false,"template":"","format":"standard","meta":{"footnotes":""},"categories":[1],"tags":[],"class_list":["post-19367","post","type-post","status-publish","format-standard","has-post-thumbnail","hentry","category-nacionales"],"_links":{"self":[{"href":"https:\/\/chilecitosports.com.ar\/index.php\/wp-json\/wp\/v2\/posts\/19367","targetHints":{"allow":["GET"]}}],"collection":[{"href":"https:\/\/chilecitosports.com.ar\/index.php\/wp-json\/wp\/v2\/posts"}],"about":[{"href":"https:\/\/chilecitosports.com.ar\/index.php\/wp-json\/wp\/v2\/types\/post"}],"author":[{"embeddable":true,"href":"https:\/\/chilecitosports.com.ar\/index.php\/wp-json\/wp\/v2\/users\/2"}],"replies":[{"embeddable":true,"href":"https:\/\/chilecitosports.com.ar\/index.php\/wp-json\/wp\/v2\/comments?post=19367"}],"version-history":[{"count":2,"href":"https:\/\/chilecitosports.com.ar\/index.php\/wp-json\/wp\/v2\/posts\/19367\/revisions"}],"predecessor-version":[{"id":19375,"href":"https:\/\/chilecitosports.com.ar\/index.php\/wp-json\/wp\/v2\/posts\/19367\/revisions\/19375"}],"wp:featuredmedia":[{"embeddable":true,"href":"https:\/\/chilecitosports.com.ar\/index.php\/wp-json\/wp\/v2\/media\/19374"}],"wp:attachment":[{"href":"https:\/\/chilecitosports.com.ar\/index.php\/wp-json\/wp\/v2\/media?parent=19367"}],"wp:term":[{"taxonomy":"category","embeddable":true,"href":"https:\/\/chilecitosports.com.ar\/index.php\/wp-json\/wp\/v2\/categories?post=19367"},{"taxonomy":"post_tag","embeddable":true,"href":"https:\/\/chilecitosports.com.ar\/index.php\/wp-json\/wp\/v2\/tags?post=19367"}],"curies":[{"name":"wp","href":"https:\/\/api.w.org\/{rel}","templated":true}]}}