{"id":19342,"date":"2026-09-01T16:21:48","date_gmt":"2026-09-01T16:21:48","guid":{"rendered":"https:\/\/chilecitosports.com.ar\/?p=19342"},"modified":"2026-09-02T16:24:37","modified_gmt":"2026-09-02T16:24:37","slug":"mountain-bike-maxi-paez-canto-victoria-en-valle-de-la-puerta","status":"publish","type":"post","link":"https:\/\/chilecitosports.com.ar\/index.php\/2026\/09\/01\/mountain-bike-maxi-paez-canto-victoria-en-valle-de-la-puerta\/","title":{"rendered":"MOUNTAIN BIKE: MAXI\u00a0 P\u00c1EZ CANT\u00d3 VICTORIA EN \u201cVALLE DE LA PUERTA\u201d"},"content":{"rendered":"<p style=\"text-align: justify;\">La localidad de Vichigasta fue escenario de la tercera fecha del campeonato regional.<!--more--><\/p>\n<p style=\"text-align: justify;\">El regional de mountain bike tuvo el pasado domingo la tercera fecha de la temporada 2026 para todas las categor\u00edas. Competencia que tuvo una buena cantidad de pedalistas de la zona en las diferentes categor\u00edas en finca Valle de La Puerta de la localidad de Nonogasta.<\/p>\n<p style=\"text-align: justify;\">Maximiliano P\u00e1ez fue el ganador de la categor\u00eda elite, y de la general de esta fecha, teniendo en el cuenta que resta una sola fecha, y que se corre en este mes de septiembre (fecha a confirmar) en la ciudad de Villa Uni\u00f3n.<\/p>\n<p style=\"text-align: justify;\">\n<p style=\"text-align: justify;\"><strong>LAS CLASIFICACIONES<\/strong><\/p>\n<p style=\"text-align: justify;\">\n<p style=\"text-align: justify;\"><strong>Categor\u00eda ELITE<\/strong><\/p>\n<p style=\"text-align: justify;\">1-P\u00e1ez Maximiliano, 2- Bruna Emilio, 3- Alfaro Diego, 4- Barrera Agust\u00edn.<\/p>\n<p style=\"text-align: justify;\">\n<p style=\"text-align: justify;\"><strong>Categor\u00eda JUVENILES<\/strong><\/p>\n<p style=\"text-align: justify;\">1-Corzo Juli\u00e1n y 2- Melian Facundo.<\/p>\n<p style=\"text-align: justify;\">\n<p style=\"text-align: justify;\"><strong>Categor\u00eda MASTER A<\/strong><\/p>\n<p style=\"text-align: justify;\">1-Carrizo Luis Ernesto, 2- P\u00e1ez Juan Alberto, 3-Ontivero Ezequiel y 4- Bord\u00f3n Jos\u00e9.<\/p>\n<p style=\"text-align: justify;\">\n<p style=\"text-align: justify;\"><strong>Categor\u00eda MASTER B<\/strong><\/p>\n<p style=\"text-align: justify;\">1-Rojas Diego, 2-Alcaraz Ariel, 3- Llanos V\u00edctor y 4- G\u00f3mez Rodolfo.<\/p>\n<p style=\"text-align: justify;\">\n<p style=\"text-align: justify;\"><strong>Categor\u00eda MASTER C<\/strong><\/p>\n<p style=\"text-align: justify;\">1-Albarez Edward, 2- Ponce Ariel y 3- Tejada Ra\u00fal.<\/p>\n<p style=\"text-align: justify;\">\n<p style=\"text-align: justify;\">Categor\u00eda MASTER D<\/p>\n<p style=\"text-align: justify;\">1-Matias Esteva, 2- Fajardo Juan Oscar y 3- Tapia Santiago.<\/p>\n<p style=\"text-align: justify;\">\n<p style=\"text-align: justify;\"><strong>Categor\u00eda MENORES<\/strong><\/p>\n<p style=\"text-align: justify;\">1-Fajardo Mateo.<\/p>\n<p style=\"text-align: justify;\">\n<p style=\"text-align: justify;\"><strong>Categor\u00eda DAMAS A<\/strong><\/p>\n<p style=\"text-align: justify;\">1-Fuentes D\u00e9bora.<\/p>\n<p style=\"text-align: justify;\">\n<p style=\"text-align: justify;\"><strong>Categor\u00eda DAMAS B<\/strong><\/p>\n<p style=\"text-align: justify;\">1-Herrera Liliana.<\/p>\n<p style=\"text-align: justify;\">\n<p style=\"text-align: justify;\"><strong>Categor\u00eda PROMOCIONALES A<\/strong><\/p>\n<p style=\"text-align: justify;\">1-Tejada Gast\u00f3n, 2-Cerezo Valent\u00edn y 3- Moreno Tob\u00edas.<\/p>\n<p style=\"text-align: justify;\">\n<p style=\"text-align: justify;\"><strong>Categor\u00eda PROMOCIONALES B<\/strong><\/p>\n<p style=\"text-align: justify;\">1-Diaz Lucas, 2- Romero Franco, 3- Rodr\u00edguez Adolfo.<\/p>\n","protected":false},"excerpt":{"rendered":"<p>La localidad de Vichigasta fue escenario de la tercera fecha del campeonato regional.<\/p>\n","protected":false},"author":2,"featured_media":19343,"comment_status":"closed","ping_status":"closed","sticky":false,"template":"","format":"standard","meta":{"footnotes":""},"categories":[7],"tags":[],"class_list":["post-19342","post","type-post","status-publish","format-standard","has-post-thumbnail","hentry","category-provinciales"],"_links":{"self":[{"href":"https:\/\/chilecitosports.com.ar\/index.php\/wp-json\/wp\/v2\/posts\/19342","targetHints":{"allow":["GET"]}}],"collection":[{"href":"https:\/\/chilecitosports.com.ar\/index.php\/wp-json\/wp\/v2\/posts"}],"about":[{"href":"https:\/\/chilecitosports.com.ar\/index.php\/wp-json\/wp\/v2\/types\/post"}],"author":[{"embeddable":true,"href":"https:\/\/chilecitosports.com.ar\/index.php\/wp-json\/wp\/v2\/users\/2"}],"replies":[{"embeddable":true,"href":"https:\/\/chilecitosports.com.ar\/index.php\/wp-json\/wp\/v2\/comments?post=19342"}],"version-history":[{"count":1,"href":"https:\/\/chilecitosports.com.ar\/index.php\/wp-json\/wp\/v2\/posts\/19342\/revisions"}],"predecessor-version":[{"id":19344,"href":"https:\/\/chilecitosports.com.ar\/index.php\/wp-json\/wp\/v2\/posts\/19342\/revisions\/19344"}],"wp:featuredmedia":[{"embeddable":true,"href":"https:\/\/chilecitosports.com.ar\/index.php\/wp-json\/wp\/v2\/media\/19343"}],"wp:attachment":[{"href":"https:\/\/chilecitosports.com.ar\/index.php\/wp-json\/wp\/v2\/media?parent=19342"}],"wp:term":[{"taxonomy":"category","embeddable":true,"href":"https:\/\/chilecitosports.com.ar\/index.php\/wp-json\/wp\/v2\/categories?post=19342"},{"taxonomy":"post_tag","embeddable":true,"href":"https:\/\/chilecitosports.com.ar\/index.php\/wp-json\/wp\/v2\/tags?post=19342"}],"curies":[{"name":"wp","href":"https:\/\/api.w.org\/{rel}","templated":true}]}}