{"id":19323,"date":"2026-09-01T17:12:37","date_gmt":"2026-09-01T17:12:37","guid":{"rendered":"https:\/\/chilecitosports.com.ar\/?p=19323"},"modified":"2026-09-01T17:15:04","modified_gmt":"2026-09-01T17:15:04","slug":"agustin-duran-termino-en-el-puesto-52-en-el-mundial-de-italia","status":"publish","type":"post","link":"https:\/\/chilecitosports.com.ar\/index.php\/2026\/09\/01\/agustin-duran-termino-en-el-puesto-52-en-el-mundial-de-italia\/","title":{"rendered":"AGUST\u00cdN DUR\u00c1N TERMIN\u00d3 EN EL PUESTO 52\u00b0 EN EL MUNDIAL DE ITALIA"},"content":{"rendered":"<p style=\"text-align: justify;\">El baikers chilecite\u00f1o Agust\u00edn Dur\u00e1n estuvo compitiendo en el Mundial de Mountain Bike UCI 2026 en\u00a0<a href=\"https:\/\/www.google.com\/goto?url=CAESlgEB6zswFUy2zQB_AbsEN1mY840w0a_7SQ5lt1YTent48DPvqEH-eRAHKxAWDWN-rybfCFVPF7ctUtSiRbqtS_lOGfAaIhDsTZ4GrpQJcSC978X1eYVGPwRCscmkGx26L8iPRTeFKeCjd0XNIDySPIa0b8WNvZK5tu5L73CEnRJgXcfgBa2FsXnRn_sYjpi6CLfvUIUSjfw\">Val di Sole<\/a>, donde finaliz\u00f3 el puesto 52\u00b0 en la categor\u00eda Elite.<\/p>\n<p style=\"text-align: justify;\">Este mi\u00e9rcoles Duran ya regresa al pa\u00eds, preparando las pr\u00f3ximas prueba a nivel nacional e internacional.<\/p>\n","protected":false},"excerpt":{"rendered":"<p>El baikers chilecite\u00f1o Agust\u00edn Dur\u00e1n estuvo compitiendo en el Mundial de Mountain Bike UCI 2026 en\u00a0Val di Sole, donde finaliz\u00f3&hellip;<\/p>\n","protected":false},"author":2,"featured_media":19324,"comment_status":"closed","ping_status":"closed","sticky":false,"template":"","format":"standard","meta":{"footnotes":""},"categories":[6],"tags":[],"class_list":["post-19323","post","type-post","status-publish","format-standard","has-post-thumbnail","hentry","category-internacionales"],"_links":{"self":[{"href":"https:\/\/chilecitosports.com.ar\/index.php\/wp-json\/wp\/v2\/posts\/19323","targetHints":{"allow":["GET"]}}],"collection":[{"href":"https:\/\/chilecitosports.com.ar\/index.php\/wp-json\/wp\/v2\/posts"}],"about":[{"href":"https:\/\/chilecitosports.com.ar\/index.php\/wp-json\/wp\/v2\/types\/post"}],"author":[{"embeddable":true,"href":"https:\/\/chilecitosports.com.ar\/index.php\/wp-json\/wp\/v2\/users\/2"}],"replies":[{"embeddable":true,"href":"https:\/\/chilecitosports.com.ar\/index.php\/wp-json\/wp\/v2\/comments?post=19323"}],"version-history":[{"count":1,"href":"https:\/\/chilecitosports.com.ar\/index.php\/wp-json\/wp\/v2\/posts\/19323\/revisions"}],"predecessor-version":[{"id":19325,"href":"https:\/\/chilecitosports.com.ar\/index.php\/wp-json\/wp\/v2\/posts\/19323\/revisions\/19325"}],"wp:featuredmedia":[{"embeddable":true,"href":"https:\/\/chilecitosports.com.ar\/index.php\/wp-json\/wp\/v2\/media\/19324"}],"wp:attachment":[{"href":"https:\/\/chilecitosports.com.ar\/index.php\/wp-json\/wp\/v2\/media?parent=19323"}],"wp:term":[{"taxonomy":"category","embeddable":true,"href":"https:\/\/chilecitosports.com.ar\/index.php\/wp-json\/wp\/v2\/categories?post=19323"},{"taxonomy":"post_tag","embeddable":true,"href":"https:\/\/chilecitosports.com.ar\/index.php\/wp-json\/wp\/v2\/tags?post=19323"}],"curies":[{"name":"wp","href":"https:\/\/api.w.org\/{rel}","templated":true}]}}