{"id":19320,"date":"2026-09-01T16:15:50","date_gmt":"2026-09-01T16:15:50","guid":{"rendered":"https:\/\/chilecitosports.com.ar\/?p=19320"},"modified":"2026-09-01T16:15:50","modified_gmt":"2026-09-01T16:15:50","slug":"tenis-de-mesa-disputaron-la-primera-del-clausura-2026","status":"publish","type":"post","link":"https:\/\/chilecitosports.com.ar\/index.php\/2026\/09\/01\/tenis-de-mesa-disputaron-la-primera-del-clausura-2026\/","title":{"rendered":"TENIS DE MESA: DISPUTARON LA PRIMERA DEL CLAUSURA 2026"},"content":{"rendered":"<p style=\"text-align: justify;\">En la categor\u00eda libre el ganador fue Jonathan Ag\u00fcero.<!--more--><\/p>\n<p style=\"text-align: justify;\">El pasado d\u00eda S\u00e1bado 29 de Agosto la Asociaci\u00f3n Del Oeste Riojano de Tenis de Mesa (A.D.O.R.Te.M.) dio inicio a la segunda etapa del a\u00f1o con la disputa de la primer fecha del Torneo &#8220;Clausura 2026&#8221; de Tenis de Mesa que lleva el nombre de Rodrigo Brizuela y Doria.<\/p>\n<p style=\"text-align: justify;\">Un agradecimiento muy especial a las autoridades del Municipio de Chilecito que \u00a0facilitan el Polideportivo de barrio Independencia para desarrollar la actividad del tenis de mesa.<\/p>\n<p style=\"text-align: justify;\">Pr\u00f3ximamente se dar\u00e1 a conocer \u00a0el d\u00eda en que se disputara la segunda fecha de este Clausura 2026.<\/p>\n<p>&nbsp;<\/p>\n<p style=\"text-align: justify;\"><strong>LAS CLASIFICACIONES de la 1\u00b0 Fecha<\/strong><\/p>\n<p style=\"text-align: justify;\"><em><strong>CATEGOR\u00cdA SUB 11<\/strong><\/em><\/p>\n<p style=\"text-align: justify;\">1\u00b0 Lautaro Gaitan 21 pts.<\/p>\n<p style=\"text-align: justify;\">2\u00b0 Ciro Filippa 19 &#8220;<\/p>\n<p style=\"text-align: justify;\">3\u00b0 Axel Diaz 17 &#8220;<\/p>\n<p style=\"text-align: justify;\">\n<p style=\"text-align: justify;\"><strong><em>CATEGOR\u00cdA SUB. 13<\/em><\/strong><\/p>\n<p style=\"text-align: justify;\">1\u00b0 Dilan P\u00e1ez 21 pts.<\/p>\n<p style=\"text-align: justify;\">2\u00b0 Dilan Olivera 19 &#8220;<\/p>\n<p style=\"text-align: justify;\">3\u00b0 Pablo Ag\u00fcero 17 &#8220;<\/p>\n<p style=\"text-align: justify;\">4\u00b0 Ciro Filippa 15 &#8220;<\/p>\n<p style=\"text-align: justify;\">5\u00b0 Brian Ag\u00fcero 13 &#8220;<\/p>\n<p style=\"text-align: justify;\">6\u00b0 Ezequiel Hormazabal 11 &#8220;<\/p>\n<p style=\"text-align: justify;\">\n<p style=\"text-align: justify;\"><em><strong>CATEGOR\u00cdA SUB. 15<\/strong><\/em><\/p>\n<p style=\"text-align: justify;\">1\u00b0 Nehem\u00edas Villagra 21 pts.<\/p>\n<p style=\"text-align: justify;\">\n<p style=\"text-align: justify;\"><strong><em>CATEGOR\u00cdA DAMAS LIBRES<\/em><\/strong><\/p>\n<p style=\"text-align: justify;\">1\u00b0 Kiara Saavedra 21 pts.<\/p>\n<p style=\"text-align: justify;\">2\u00b0 Ver\u00f3nica Zu\u00f1iga 19 &#8220;<\/p>\n<p style=\"text-align: justify;\">\n<p style=\"text-align: justify;\"><em><strong>CATEGOR\u00cdA ADAPTADOS<\/strong><\/em><\/p>\n<p style=\"text-align: justify;\">1\u00b0 Javier Fara 21 pts.<\/p>\n<p style=\"text-align: justify;\">2\u00b0 Miguel Zalazar 19 &#8220;<\/p>\n<p style=\"text-align: justify;\">3\u00b0 Maxi Peralta 17 &#8220;<\/p>\n<p style=\"text-align: justify;\">4\u00b0 Sergio Lefoll 15 &#8220;<\/p>\n<p style=\"text-align: justify;\">\n<p style=\"text-align: justify;\"><strong><em>CATEGOR\u00cdA PRINCIPIANTES<\/em><\/strong><\/p>\n<p style=\"text-align: justify;\">1\u00b0 Joaqu\u00edn Gonz\u00e1lez 21 pts:<\/p>\n<p style=\"text-align: justify;\">2\u00b0 Dilan Paez 19 &#8220;<\/p>\n<p style=\"text-align: justify;\">3\u00b0 Ramon &#8220;Nene&#8221; Neyra 17 &#8220;<\/p>\n<p style=\"text-align: justify;\">4\u00b0 Kiara Saavedra 15 &#8220;<\/p>\n<p style=\"text-align: justify;\">5\u00b0 Nelson P\u00e1ez 13 &#8220;<\/p>\n<p style=\"text-align: justify;\">6\u00b0 Miguel Flores 11 &#8220;<\/p>\n<p style=\"text-align: justify;\">\n<p style=\"text-align: justify;\"><em><strong>CATEGOR\u00cdA LIBRES B<\/strong><\/em><\/p>\n<p style=\"text-align: justify;\">1 Oscar Flores 21 pts.<\/p>\n<p style=\"text-align: justify;\">2\u00b0 Javier Fara 19 &#8220;<\/p>\n<p style=\"text-align: justify;\">3\u00b0 Misael Antisol 17 &#8220;<\/p>\n<p style=\"text-align: justify;\">4\u00b0 Miguel Zalazar 15 &#8220;<\/p>\n<p style=\"text-align: justify;\">5\u00b0 Chade Emilio 13 &#8220;<\/p>\n<p style=\"text-align: justify;\">6\u00b0 Sergio Lefoll 11 &#8220;<\/p>\n<p style=\"text-align: justify;\">7\u00b0 M\u00e1ximo Suarez 10 &#8220;<\/p>\n<p style=\"text-align: justify;\">\n<p style=\"text-align: justify;\"><strong><em>CATEGOR\u00cdA ADULTO MAYOR DAMAS<\/em><\/strong><\/p>\n<p style=\"text-align: justify;\">1\u00b0 Fernanda Espinosa 21 pts.<\/p>\n<p style=\"text-align: justify;\">2\u00b0 Mari Santander 19 &#8220;<\/p>\n<p style=\"text-align: justify;\">3\u00b0 Cristina Ruiz 17 &#8220;<\/p>\n<p style=\"text-align: justify;\">\n<p style=\"text-align: justify;\"><em><strong>CATEGOR\u00cdA ADULTO MAYOR VARONES<\/strong><\/em><\/p>\n<p style=\"text-align: justify;\">1\u00b0 Pedro Castro 21 pts.<\/p>\n<p style=\"text-align: justify;\">2\u00b0 Honorio Ju\u00e1rez 19 &#8220;<\/p>\n<p style=\"text-align: justify;\">3\u00b0 Chade Emilio 17 &#8220;<\/p>\n<p style=\"text-align: justify;\">4\u00b0 Gabriel Manrique 15 &#8220;<\/p>\n<p style=\"text-align: justify;\">5\u00b0 Antonio Sanchez 13 &#8220;<\/p>\n<p style=\"text-align: justify;\">6\u00b0 Adolfo Fara 11 &#8220;<\/p>\n<p style=\"text-align: justify;\">7\u00b0 Miguel Flores 10 &#8220;<\/p>\n<p>&nbsp;<\/p>\n<p style=\"text-align: justify;\"><em><strong>CATEGOR\u00cdA LIBRES<\/strong><\/em><\/p>\n<p style=\"text-align: justify;\">1\u00b0 Jonatan Ag\u00fcero 21 pts.<\/p>\n<p style=\"text-align: justify;\">2\u00b0 Diego Rojas 19 &#8220;<\/p>\n<p style=\"text-align: justify;\">3\u00b0 Miguel Mongelo 17 &#8220;<\/p>\n<p style=\"text-align: justify;\">4\u00b0 Isidro Ruiz 15 &#8220;<\/p>\n<p style=\"text-align: justify;\">5\u00b0 Mario Lazcano 13 &#8220;<\/p>\n<p style=\"text-align: justify;\">6\u00b0 Nehem\u00edas Villagra 11 &#8220;<\/p>\n<p style=\"text-align: justify;\">7\u00b0 Marcos Amado 10 &#8220;<\/p>\n<p>&nbsp;<\/p>\n","protected":false},"excerpt":{"rendered":"<p>En la categor\u00eda libre el ganador fue Jonathan Ag\u00fcero.<\/p>\n","protected":false},"author":2,"featured_media":19321,"comment_status":"closed","ping_status":"closed","sticky":false,"template":"","format":"standard","meta":{"footnotes":""},"categories":[3],"tags":[],"class_list":["post-19320","post","type-post","status-publish","format-standard","has-post-thumbnail","hentry","category-locales"],"_links":{"self":[{"href":"https:\/\/chilecitosports.com.ar\/index.php\/wp-json\/wp\/v2\/posts\/19320","targetHints":{"allow":["GET"]}}],"collection":[{"href":"https:\/\/chilecitosports.com.ar\/index.php\/wp-json\/wp\/v2\/posts"}],"about":[{"href":"https:\/\/chilecitosports.com.ar\/index.php\/wp-json\/wp\/v2\/types\/post"}],"author":[{"embeddable":true,"href":"https:\/\/chilecitosports.com.ar\/index.php\/wp-json\/wp\/v2\/users\/2"}],"replies":[{"embeddable":true,"href":"https:\/\/chilecitosports.com.ar\/index.php\/wp-json\/wp\/v2\/comments?post=19320"}],"version-history":[{"count":1,"href":"https:\/\/chilecitosports.com.ar\/index.php\/wp-json\/wp\/v2\/posts\/19320\/revisions"}],"predecessor-version":[{"id":19322,"href":"https:\/\/chilecitosports.com.ar\/index.php\/wp-json\/wp\/v2\/posts\/19320\/revisions\/19322"}],"wp:featuredmedia":[{"embeddable":true,"href":"https:\/\/chilecitosports.com.ar\/index.php\/wp-json\/wp\/v2\/media\/19321"}],"wp:attachment":[{"href":"https:\/\/chilecitosports.com.ar\/index.php\/wp-json\/wp\/v2\/media?parent=19320"}],"wp:term":[{"taxonomy":"category","embeddable":true,"href":"https:\/\/chilecitosports.com.ar\/index.php\/wp-json\/wp\/v2\/categories?post=19320"},{"taxonomy":"post_tag","embeddable":true,"href":"https:\/\/chilecitosports.com.ar\/index.php\/wp-json\/wp\/v2\/tags?post=19320"}],"curies":[{"name":"wp","href":"https:\/\/api.w.org\/{rel}","templated":true}]}}