{"id":19299,"date":"2026-08-31T15:35:14","date_gmt":"2026-08-31T15:35:14","guid":{"rendered":"https:\/\/chilecitosports.com.ar\/?p=19299"},"modified":"2026-08-31T15:41:12","modified_gmt":"2026-08-31T15:41:12","slug":"messi-anuncio-su-retiro-de-la-seleccion-argentina","status":"publish","type":"post","link":"https:\/\/chilecitosports.com.ar\/index.php\/2026\/08\/31\/messi-anuncio-su-retiro-de-la-seleccion-argentina\/","title":{"rendered":"MESSI ANUNCI\u00d3 SU RETIRO DE LA SELECCI\u00d3N ARGENTINA"},"content":{"rendered":"<p style=\"text-align: justify;\">El astro argentino \u00a0lo comunic\u00f3 en su cuenta de Instagram. &#8220;Fue una decisi\u00f3n que doli\u00f3 y duele en el alma, pero entiendo que es el momento&#8221;, sostuvo. <!--more--><\/p>\n<p style=\"text-align: justify;\">&#8220;Despu\u00e9s de este tiempo que pas\u00f3 desde la final, pens\u00e1ndolo mucho, quiero comunicarles a todos que me retiro de la Selecci\u00f3n\u2026<\/p>\n<p style=\"text-align: justify;\">Fue una decisi\u00f3n que doli\u00f3 y duele en el alma pero entiendo que es el momento. Les juro que siempre dej\u00e9 todo, no solo los \u00faltimos a\u00f1os que se gan\u00f3 todo antes tambi\u00e9n y siempre pele\u00e9 y me dej\u00e9 todo por esta camiseta, por darles alegr\u00edas y hacer que se sientan orgullosos de ser argentinos a trav\u00e9s del f\u00fatbol.<\/p>\n<p style=\"text-align: justify;\">Queda poco y se van cerrando etapas y esta es una que me duele mucho. Amo, am\u00e9 y amar\u00e9 siempre estar en la Selecci\u00f3n. Me vaci\u00e9, ya no tengo m\u00e1s para dar y aparte vienen chicos muy grandes atr\u00e1s que merecen estar.<\/p>\n<p style=\"text-align: justify;\">Gracias por todo el cari\u00f1o de estos 20 a\u00f1os. Voy a extra\u00f1ar mucho escucharlos desde adentro. Ahora voy a ser uno m\u00e1s de ustedes, alentando y bancando siempre desde afuera (en las buenas y en las malas, mucho m\u00e1s).<\/p>\n<p style=\"text-align: justify;\">Gracias a mi familia por estar siempre, por acompa\u00f1arme en este viaje tan hermoso pero dif\u00edcil. Gracias a cada uno de entrenadores, compa\u00f1eros y dirigentes que me toc\u00f3 compartir. Me llevo recuerdos y momentos inolvidables vividos.<\/p>\n<p style=\"text-align: justify;\">Me voy con la tranquilidad y el orgullo de haberles regalado, juntos con mis compa\u00f1eros, momentos so\u00f1ados. Fue una locura haberlo vivido con ustedes. \u00a1Los quiero!<\/p>\n<p style=\"text-align: justify;\">Gracias Dios por hacerme argentino.<\/p>\n<p style=\"text-align: justify;\">\u00a1Vamos Argentina!<\/p>\n<p style=\"text-align: justify;\">*Estas palabras las escrib\u00ed el 21 de julio, dos d\u00edas despu\u00e9s de la final. Hoy despu\u00e9s de lo de mi pap\u00e1, estoy m\u00e1s convencido que antes&#8221;<\/p>\n","protected":false},"excerpt":{"rendered":"<p>El astro argentino \u00a0lo comunic\u00f3 en su cuenta de Instagram. &#8220;Fue una decisi\u00f3n que doli\u00f3 y duele en el alma,&hellip;<\/p>\n","protected":false},"author":2,"featured_media":19300,"comment_status":"closed","ping_status":"closed","sticky":false,"template":"","format":"standard","meta":{"footnotes":""},"categories":[6],"tags":[],"class_list":["post-19299","post","type-post","status-publish","format-standard","has-post-thumbnail","hentry","category-internacionales"],"_links":{"self":[{"href":"https:\/\/chilecitosports.com.ar\/index.php\/wp-json\/wp\/v2\/posts\/19299","targetHints":{"allow":["GET"]}}],"collection":[{"href":"https:\/\/chilecitosports.com.ar\/index.php\/wp-json\/wp\/v2\/posts"}],"about":[{"href":"https:\/\/chilecitosports.com.ar\/index.php\/wp-json\/wp\/v2\/types\/post"}],"author":[{"embeddable":true,"href":"https:\/\/chilecitosports.com.ar\/index.php\/wp-json\/wp\/v2\/users\/2"}],"replies":[{"embeddable":true,"href":"https:\/\/chilecitosports.com.ar\/index.php\/wp-json\/wp\/v2\/comments?post=19299"}],"version-history":[{"count":1,"href":"https:\/\/chilecitosports.com.ar\/index.php\/wp-json\/wp\/v2\/posts\/19299\/revisions"}],"predecessor-version":[{"id":19301,"href":"https:\/\/chilecitosports.com.ar\/index.php\/wp-json\/wp\/v2\/posts\/19299\/revisions\/19301"}],"wp:featuredmedia":[{"embeddable":true,"href":"https:\/\/chilecitosports.com.ar\/index.php\/wp-json\/wp\/v2\/media\/19300"}],"wp:attachment":[{"href":"https:\/\/chilecitosports.com.ar\/index.php\/wp-json\/wp\/v2\/media?parent=19299"}],"wp:term":[{"taxonomy":"category","embeddable":true,"href":"https:\/\/chilecitosports.com.ar\/index.php\/wp-json\/wp\/v2\/categories?post=19299"},{"taxonomy":"post_tag","embeddable":true,"href":"https:\/\/chilecitosports.com.ar\/index.php\/wp-json\/wp\/v2\/tags?post=19299"}],"curies":[{"name":"wp","href":"https:\/\/api.w.org\/{rel}","templated":true}]}}