{"id":16946,"date":"2026-04-30T13:44:02","date_gmt":"2026-04-30T13:44:02","guid":{"rendered":"https:\/\/chilecitosports.com.ar\/?p=16946"},"modified":"2026-04-30T13:44:02","modified_gmt":"2026-04-30T13:44:02","slug":"alarma-en-la-seleccion-lesion-leve-de-julian-alvarez-en-atletico-madrid","status":"publish","type":"post","link":"https:\/\/chilecitosports.com.ar\/index.php\/2026\/04\/30\/alarma-en-la-seleccion-lesion-leve-de-julian-alvarez-en-atletico-madrid\/","title":{"rendered":"ALARMA EN LA SELECCI\u00d3N: LESI\u00d3N LEVE DE JULI\u00c1N \u00c1LVAREZ EN ATL\u00c9TICO MADRID"},"content":{"rendered":"<p style=\"text-align: justify;\">El delantero, que marc\u00f3 el 1-1 de su equipo por las semifinles de la Champions League, se retir\u00f3 con una molestia que preocupa a poco tiempo para el Mundial 2026.<!--more--><\/p>\n<p style=\"text-align: justify;\">El mundo del f\u00fatbol argentino contiene el aliento tras lo ocurrido esta tarde en el Estadio Metropolitano. En el marco del duelo de ida por las semifinales de la UEFA Champions League,\u00a0<strong>Juli\u00e1n \u00c1lvarez<\/strong>\u00a0debi\u00f3 abandonar el campo de juego con signos de dolor, generando una preocupaci\u00f3n inmediata tanto en el cuerpo t\u00e9cnico del<strong>\u00a0Atl\u00e9tico de Madrid\u00a0<\/strong>como en el de la\u00a0<strong>Selecci\u00f3n Argentina<\/strong>, que sigue de cerca cada movimiento a poco m\u00e1s de cuarenta d\u00edas para el inicio del\u00a0<strong>Mundial 2026.<\/strong><\/p>\n<p style=\"text-align: justify;\">Juli\u00e1n \u00c1lvarez\u00a0llev\u00f3 preocupaci\u00f3n al Atl\u00e9tico de Madrid y a la Selecci\u00f3n Argentina luego de sufrir una\u00a0<a href=\"https:\/\/eldoce.tv\/deportes\/2026\/04\/29\/julian-alvarez-salio-lesionado-en-la-champions-y-encendio-las-alarmas-de-cara-al-mundial\/\">dura torcedura de tobillo<\/a>\u00a0durante el partido de ida de las\u00a0semifinales de la Champions League ante Arsenal.<\/p>\n<p style=\"text-align: justify;\">El delantero de Calch\u00edn hab\u00eda convertido el gol del empate 1 a 1 en el Metropolitano, pero minutos despu\u00e9s qued\u00f3 tendido en el campo de juego con evidentes gestos de dolor\u00a0tras un cruce con Eberechi Eze, quien cay\u00f3 sobre su pie izquierdo.<\/p>\n<p style=\"text-align: justify;\">El cuerpo m\u00e9dico lo asisti\u00f3 y el argentino intent\u00f3 continuar en cancha, aunque\u00a0finalmente Diego Simeone decidi\u00f3 reemplazarlo\u00a0para no arriesgarlo en un partido de m\u00e1xima exigencia.<\/p>\n<p style=\"text-align: justify;\">Con el correr de las horas lleg\u00f3 la tranquilidad. Los primeros estudios realizados en Madrid descartaron una lesi\u00f3n \u00f3sea o muscular y confirmaron que se trat\u00f3 de\u00a0un esguince leve de tobillo.<\/p>\n<p style=\"text-align: justify;\">Seg\u00fan indicaron desde Espa\u00f1a, la molestia fue disminuyendo y el delantero podr\u00e1 entrenarse con normalidad durante los pr\u00f3ximos d\u00edas. En principio,\u00a0no tendr\u00eda inconvenientes\u00a0para estar disponible en el partido de vuelta frente al Arsenal, en Londres.<\/p>\n<p style=\"text-align: justify;\">El propio Simeone llev\u00f3 calma tras el encuentro y se mostr\u00f3 confiado en contar con \u00c1lvarez para la revancha.\u00a0\u201cEl martes va a estar seguro. No tengo dudas de que va a jugar\u201d, afirm\u00f3 el Cholo.<\/p>\n<p style=\"text-align: justify;\">La evoluci\u00f3n del ex-River tambi\u00e9n es seguida de cerca por la Selecci\u00f3n Argentina, ya que faltan menos de 50 d\u00edas para el\u00a0Mundial de Estados Unidos 2026\u00a0y la Ara\u00f1a es una de las figuras clave del equipo campe\u00f3n del mundo.<\/p>\n<p style=\"text-align: justify;\">Por ahora, todo indica que el susto no pasar\u00e1 a mayores y que Juli\u00e1n \u00c1lvarez podr\u00e1 volver a jugar la pr\u00f3xima semana en un duelo decisivo por la Champions League.<\/p>\n","protected":false},"excerpt":{"rendered":"<p>El delantero, que marc\u00f3 el 1-1 de su equipo por las semifinles de la Champions League, se retir\u00f3 con una&hellip;<\/p>\n","protected":false},"author":2,"featured_media":16947,"comment_status":"closed","ping_status":"closed","sticky":false,"template":"","format":"standard","meta":{"footnotes":""},"categories":[6],"tags":[],"class_list":["post-16946","post","type-post","status-publish","format-standard","has-post-thumbnail","hentry","category-internacionales"],"_links":{"self":[{"href":"https:\/\/chilecitosports.com.ar\/index.php\/wp-json\/wp\/v2\/posts\/16946","targetHints":{"allow":["GET"]}}],"collection":[{"href":"https:\/\/chilecitosports.com.ar\/index.php\/wp-json\/wp\/v2\/posts"}],"about":[{"href":"https:\/\/chilecitosports.com.ar\/index.php\/wp-json\/wp\/v2\/types\/post"}],"author":[{"embeddable":true,"href":"https:\/\/chilecitosports.com.ar\/index.php\/wp-json\/wp\/v2\/users\/2"}],"replies":[{"embeddable":true,"href":"https:\/\/chilecitosports.com.ar\/index.php\/wp-json\/wp\/v2\/comments?post=16946"}],"version-history":[{"count":1,"href":"https:\/\/chilecitosports.com.ar\/index.php\/wp-json\/wp\/v2\/posts\/16946\/revisions"}],"predecessor-version":[{"id":16948,"href":"https:\/\/chilecitosports.com.ar\/index.php\/wp-json\/wp\/v2\/posts\/16946\/revisions\/16948"}],"wp:featuredmedia":[{"embeddable":true,"href":"https:\/\/chilecitosports.com.ar\/index.php\/wp-json\/wp\/v2\/media\/16947"}],"wp:attachment":[{"href":"https:\/\/chilecitosports.com.ar\/index.php\/wp-json\/wp\/v2\/media?parent=16946"}],"wp:term":[{"taxonomy":"category","embeddable":true,"href":"https:\/\/chilecitosports.com.ar\/index.php\/wp-json\/wp\/v2\/categories?post=16946"},{"taxonomy":"post_tag","embeddable":true,"href":"https:\/\/chilecitosports.com.ar\/index.php\/wp-json\/wp\/v2\/tags?post=16946"}],"curies":[{"name":"wp","href":"https:\/\/api.w.org\/{rel}","templated":true}]}}