{"id":16943,"date":"2026-04-30T13:42:14","date_gmt":"2026-04-30T13:42:14","guid":{"rendered":"https:\/\/chilecitosports.com.ar\/?p=16943"},"modified":"2026-04-30T13:42:14","modified_gmt":"2026-04-30T13:42:14","slug":"aseguran-que-dybala-jugara-en-boca-despues-del-mundial","status":"publish","type":"post","link":"https:\/\/chilecitosports.com.ar\/index.php\/2026\/04\/30\/aseguran-que-dybala-jugara-en-boca-despues-del-mundial\/","title":{"rendered":"ASEGURAN QUE DYBALA JUGAR\u00c1 EN BOCA DESP\u00daES DEL MUNDIAL\u2026"},"content":{"rendered":"<p style=\"text-align: justify;\">El cordob\u00e9s tendr\u00eda un principio de acuerdo para sumarse al Xeneize tras la Copa del Mundo. Su contrato con la Roma vence el 30 de junio.<!--more--><\/p>\n<p style=\"text-align: justify;\">La Joya tendr\u00eda todo listo para regresar al f\u00fatbol argentino tras 14 a\u00f1os.<\/p>\n<p style=\"text-align: justify;\">El sue\u00f1o de los hinchas de\u00a0Boca\u00a0parece estar cada vez m\u00e1s cerca de concretarse. En las \u00faltimas horas aseguraron que\u00a0Paulo Dybala ya tendr\u00eda un acuerdo de palabra\u00a0para convertirse en jugador del Xeneize\u00a0despu\u00e9s del Mundial.<\/p>\n<p style=\"text-align: justify;\">La informaci\u00f3n fue difundida por el periodista\u00a0Leo Paradizo\u00a0en\u00a0SportsCenter, quien sostuvo que el dato surge desde el entorno del propio futbolista.<\/p>\n<p style=\"text-align: justify;\">\u201cHay un principio de acuerdo, hay un contrato y despu\u00e9s de la Copa del Mundo\u00a0volver\u00e1 al f\u00fatbol argentino para vestir la camiseta de Boca\u201d, afirm\u00f3.<\/p>\n<p style=\"text-align: justify;\">Seg\u00fan esa versi\u00f3n, los detalles que faltaban pulirse ya habr\u00edan sido acordados y la llegada de la Joya\u00a0quedar\u00eda encaminada\u00a0para el pr\u00f3ximo semestre.<\/p>\n<p style=\"text-align: justify;\">El propio Dybala aliment\u00f3 la ilusi\u00f3n en una entrevista reciente, cuando fue consultado sobre los rumores que lo vinculan con el Xeneize.\u00a0\u201cEstar\u00eda bueno. Nunca se sabe\u201d, respondi\u00f3, aunque aclar\u00f3 que por ahora debe enfocarse en su actual club:\u00a0\u201cHoy juego para la Roma, tengo que defender esta camiseta\u201d.<\/p>\n<p style=\"text-align: justify;\">El ex-Instituto tambi\u00e9n admiti\u00f3 que\u00a0Leandro Paredes, actual referente de Boca y amigo suyo, lo viene tentando desde hace tiempo. \u201cMe llegan mensajes de Lea, de Cami, su mujer, que tiene muy buena relaci\u00f3n con Oriana. Ellos insisten bastante con esta cuesti\u00f3n\u201d, cont\u00f3.<\/p>\n<p style=\"text-align: justify;\">Dybala, de 32 a\u00f1os,\u00a0tiene contrato con la Roma hasta el 30 de junio. Lleg\u00f3 al club de la capital italiana en\u00a02022\u00a0y desde entonces convirti\u00f3 48 goles en 146 partidos, aunque en los \u00faltimos meses sufri\u00f3 distintos problemas f\u00edsicos que lo dejaron fuera de varios encuentros.<\/p>\n<p style=\"text-align: justify;\">De concretarse su llegada a Boca, significar\u00eda el regreso de la Joya al f\u00fatbol argentino despu\u00e9s de 14 a\u00f1os. Su \u00faltimo paso fue en\u00a0Instituto, donde brill\u00f3 en la\u00a0antigua B Nacional, marc\u00f3 17 goles y qued\u00f3 muy cerca del ascenso.<\/p>\n<p style=\"text-align: justify;\">A los 18 a\u00f1os\u00a0fue vendido al Palermo de Italia\u00a0por 12 millones de d\u00f3lares. Luego construy\u00f3 una destacada carrera europea,\u00a0con pasos por Juventus y Roma, adem\u00e1s de consagrarse campe\u00f3n del mundo con la Selecci\u00f3n Argentina en Qatar 2022.<\/p>\n<p style=\"text-align: justify;\">Ahora, con el final de su contrato en Italia y el deseo latente de jugar en el club del que se declar\u00f3 hincha, Boca se ilusiona con una bomba total para despu\u00e9s del Mundial.<\/p>\n","protected":false},"excerpt":{"rendered":"<p>El cordob\u00e9s tendr\u00eda un principio de acuerdo para sumarse al Xeneize tras la Copa del Mundo. Su contrato con la&hellip;<\/p>\n","protected":false},"author":2,"featured_media":16944,"comment_status":"closed","ping_status":"closed","sticky":false,"template":"","format":"standard","meta":{"footnotes":""},"categories":[1],"tags":[],"class_list":["post-16943","post","type-post","status-publish","format-standard","has-post-thumbnail","hentry","category-nacionales"],"_links":{"self":[{"href":"https:\/\/chilecitosports.com.ar\/index.php\/wp-json\/wp\/v2\/posts\/16943","targetHints":{"allow":["GET"]}}],"collection":[{"href":"https:\/\/chilecitosports.com.ar\/index.php\/wp-json\/wp\/v2\/posts"}],"about":[{"href":"https:\/\/chilecitosports.com.ar\/index.php\/wp-json\/wp\/v2\/types\/post"}],"author":[{"embeddable":true,"href":"https:\/\/chilecitosports.com.ar\/index.php\/wp-json\/wp\/v2\/users\/2"}],"replies":[{"embeddable":true,"href":"https:\/\/chilecitosports.com.ar\/index.php\/wp-json\/wp\/v2\/comments?post=16943"}],"version-history":[{"count":1,"href":"https:\/\/chilecitosports.com.ar\/index.php\/wp-json\/wp\/v2\/posts\/16943\/revisions"}],"predecessor-version":[{"id":16945,"href":"https:\/\/chilecitosports.com.ar\/index.php\/wp-json\/wp\/v2\/posts\/16943\/revisions\/16945"}],"wp:featuredmedia":[{"embeddable":true,"href":"https:\/\/chilecitosports.com.ar\/index.php\/wp-json\/wp\/v2\/media\/16944"}],"wp:attachment":[{"href":"https:\/\/chilecitosports.com.ar\/index.php\/wp-json\/wp\/v2\/media?parent=16943"}],"wp:term":[{"taxonomy":"category","embeddable":true,"href":"https:\/\/chilecitosports.com.ar\/index.php\/wp-json\/wp\/v2\/categories?post=16943"},{"taxonomy":"post_tag","embeddable":true,"href":"https:\/\/chilecitosports.com.ar\/index.php\/wp-json\/wp\/v2\/tags?post=16943"}],"curies":[{"name":"wp","href":"https:\/\/api.w.org\/{rel}","templated":true}]}}