{"id":16901,"date":"2026-04-27T12:04:35","date_gmt":"2026-04-27T12:04:35","guid":{"rendered":"https:\/\/chilecitosports.com.ar\/?p=16901"},"modified":"2026-04-27T17:58:10","modified_gmt":"2026-04-27T17:58:10","slug":"mountain-bike-ale-duran-el-triunfador-en-la-aniversario-de-famatina","status":"publish","type":"post","link":"https:\/\/chilecitosports.com.ar\/index.php\/2026\/04\/27\/mountain-bike-ale-duran-el-triunfador-en-la-aniversario-de-famatina\/","title":{"rendered":"MOUNTAIN BIKE: ALE DUR\u00c1N, EL TRIUNFADOR EN LA ANIVERSARIO DE FAMATINA"},"content":{"rendered":"<p style=\"text-align: justify;\">Fue el domingo pasado en la modalidad rally. En damas, el triunfo fue de la local Grecia Morales.<!--more--><\/p>\n<p style=\"text-align: justify;\">En el marco de un nuevo aniversario del departamento, se llev\u00f3 a cabo este domingo pasado el Rally Aniversario del 434\u00b0 de Famatina, una destacada prueba del ciclismo de monta\u00f1a que reuni\u00f3 a deportistas locales y de \u00a0la regi\u00f3n.<\/p>\n<p style=\"text-align: justify;\">La jornada se desarroll\u00f3 con una importante convocatoria, en un circuito que puso a prueba la resistencia, t\u00e9cnica y compromiso de cada participante. Desde la organizaci\u00f3n se destaca el acompa\u00f1amiento del p\u00fablico y el compromiso de cada competidor, quienes hicieron posible una jornada deportiva.<\/p>\n<p style=\"text-align: justify;\">\n<p style=\"text-align: justify;\"><strong>LAS CLASIFICACIONES<\/strong><\/p>\n<p style=\"text-align: justify;\"><em><strong>Categor\u00eda Elite<\/strong><\/em><\/p>\n<p style=\"text-align: justify;\">1\u00b0 Alejandro Dur\u00e1n<\/p>\n<p style=\"text-align: justify;\">2\u00b0 Agust\u00edn Barrera<\/p>\n<p style=\"text-align: justify;\">3\u00b0 Maximiliano P\u00e1ez<\/p>\n<p style=\"text-align: justify;\">\n<p style=\"text-align: justify;\"><strong><em>Categor\u00eda M\u00e1ster A<\/em><\/strong><\/p>\n<p style=\"text-align: justify;\">1\u00b0 Ezequiel Ontivero<\/p>\n<p style=\"text-align: justify;\">2\u00b0 H\u00e9ctor Varas<\/p>\n<p style=\"text-align: justify;\">3\u00b0 Jos\u00e9 Bord\u00f3n<\/p>\n<p style=\"text-align: justify;\">\n<p style=\"text-align: justify;\"><strong><em>Categor\u00eda M\u00e1ster B<\/em><\/strong><\/p>\n<p style=\"text-align: justify;\">1\u00b0 Manuel Cabrera<\/p>\n<p style=\"text-align: justify;\">2\u00b0 Juan Carlos P\u00e1ez<\/p>\n<p style=\"text-align: justify;\">3\u00b0 Dami\u00e1n Reynoso<\/p>\n<p style=\"text-align: justify;\">\n<p style=\"text-align: justify;\"><strong><em>Categor\u00eda Damas Elite<\/em><\/strong><\/p>\n<p style=\"text-align: justify;\">1\u00b0 Grecia Morales<\/p>\n<p style=\"text-align: justify;\">2\u00b0 D\u00e9bora Fuentes<\/p>\n<p style=\"text-align: justify;\">\n<p style=\"text-align: justify;\"><strong><em>Menores<\/em><\/strong><\/p>\n<p style=\"text-align: justify;\">1\u00b0 Mateo Fajardo<\/p>\n<p style=\"text-align: justify;\">\n<p style=\"text-align: justify;\"><strong><em>Categor\u00eda Damas M\u00e1ster<\/em><\/strong><\/p>\n<p style=\"text-align: justify;\">1\u00b0 Carla Zalazar<\/p>\n<p style=\"text-align: justify;\">2\u00b0 Vanesa Herrera<\/p>\n<p style=\"text-align: justify;\">\n<p style=\"text-align: justify;\"><strong><em>Categor\u00eda M\u00e1ster C<\/em><\/strong><\/p>\n<p style=\"text-align: justify;\">1\u00b0 Ra\u00fal Tejada<\/p>\n<p style=\"text-align: justify;\">2\u00b0 Ariel Ponce<\/p>\n<p style=\"text-align: justify;\">3\u00b0 Federico Quiroz<\/p>\n<p style=\"text-align: justify;\">\n<p style=\"text-align: justify;\"><strong><em>Categor\u00eda Juveniles<\/em><\/strong><\/p>\n<p style=\"text-align: justify;\">1\u00b0 Misael Moreno<\/p>\n<p style=\"text-align: justify;\">2\u00b0 Gabriel Pizarro<\/p>\n<p style=\"text-align: justify;\">\n<p style=\"text-align: justify;\"><strong><em>Categor\u00eda Promocionales<\/em><\/strong><\/p>\n<p style=\"text-align: justify;\">1\u00b0 Lautaro Garc\u00eda<\/p>\n<p style=\"text-align: justify;\">2\u00b0 Fernando Fajardo<\/p>\n<p style=\"text-align: justify;\">3\u00b0 Santiago P\u00e1ez<\/p>\n<p style=\"text-align: justify;\">\n<p style=\"text-align: justify;\"><strong><em>Ganador General Masculino:<\/em> <\/strong>Alejandro Dur\u00e1n<\/p>\n<p style=\"text-align: justify;\"><strong><em>Ganadora General Femenina:<\/em><\/strong> Grecia Morales<\/p>\n<p style=\"text-align: justify;\"><strong><em>Mejores famatinenses:<\/em><\/strong> Eber Pastran y Grecia Morales<\/p>\n","protected":false},"excerpt":{"rendered":"<p>Fue el domingo pasado en la modalidad rally. En damas, el triunfo fue de la local Grecia Morales.<\/p>\n","protected":false},"author":2,"featured_media":16903,"comment_status":"closed","ping_status":"closed","sticky":false,"template":"","format":"standard","meta":{"footnotes":""},"categories":[7],"tags":[],"class_list":["post-16901","post","type-post","status-publish","format-standard","has-post-thumbnail","hentry","category-provinciales"],"_links":{"self":[{"href":"https:\/\/chilecitosports.com.ar\/index.php\/wp-json\/wp\/v2\/posts\/16901","targetHints":{"allow":["GET"]}}],"collection":[{"href":"https:\/\/chilecitosports.com.ar\/index.php\/wp-json\/wp\/v2\/posts"}],"about":[{"href":"https:\/\/chilecitosports.com.ar\/index.php\/wp-json\/wp\/v2\/types\/post"}],"author":[{"embeddable":true,"href":"https:\/\/chilecitosports.com.ar\/index.php\/wp-json\/wp\/v2\/users\/2"}],"replies":[{"embeddable":true,"href":"https:\/\/chilecitosports.com.ar\/index.php\/wp-json\/wp\/v2\/comments?post=16901"}],"version-history":[{"count":1,"href":"https:\/\/chilecitosports.com.ar\/index.php\/wp-json\/wp\/v2\/posts\/16901\/revisions"}],"predecessor-version":[{"id":16904,"href":"https:\/\/chilecitosports.com.ar\/index.php\/wp-json\/wp\/v2\/posts\/16901\/revisions\/16904"}],"wp:featuredmedia":[{"embeddable":true,"href":"https:\/\/chilecitosports.com.ar\/index.php\/wp-json\/wp\/v2\/media\/16903"}],"wp:attachment":[{"href":"https:\/\/chilecitosports.com.ar\/index.php\/wp-json\/wp\/v2\/media?parent=16901"}],"wp:term":[{"taxonomy":"category","embeddable":true,"href":"https:\/\/chilecitosports.com.ar\/index.php\/wp-json\/wp\/v2\/categories?post=16901"},{"taxonomy":"post_tag","embeddable":true,"href":"https:\/\/chilecitosports.com.ar\/index.php\/wp-json\/wp\/v2\/tags?post=16901"}],"curies":[{"name":"wp","href":"https:\/\/api.w.org\/{rel}","templated":true}]}}