{"id":16884,"date":"2026-04-27T00:14:47","date_gmt":"2026-04-27T00:14:47","guid":{"rendered":"https:\/\/chilecitosports.com.ar\/?p=16884"},"modified":"2026-04-27T00:14:47","modified_gmt":"2026-04-27T00:14:47","slug":"futbol-provincial-defe-eliminado-perdio-en-la-reanudacion-del-juego-con-alto-valle","status":"publish","type":"post","link":"https:\/\/chilecitosports.com.ar\/index.php\/2026\/04\/27\/futbol-provincial-defe-eliminado-perdio-en-la-reanudacion-del-juego-con-alto-valle\/","title":{"rendered":"F\u00daTBOL PROVINCIAL: DEFE ELIMINADO, PERDI\u00d3 EN LA REANUDACI\u00d3N DEL JUEGO CON ALTO VALLE"},"content":{"rendered":"<p>Este domingo el equipo olte\u00f1o se \u00a0impuso por 2 a 1 en la reanudaci\u00f3n del partido que hab\u00eda sido suspendido la semana pasada por incidentes. Con este resultado, el equipo olte\u00f1o y Deportivo Malanz\u00e1n, ser\u00e1n los representantes de la Zona D en los cuartos de final.<!--more--><\/p>\n<p>En el estadio &#8220;Jos\u00e9 \u00c1ngel Ponce&#8221; de Chamical y a puertas cerradas, este domingo se completaron los 32 minutos restantes del partido entre Alto Valle de Olta y Defensores de la Plata de Chilecito, que el fin de semana pasado hab\u00eda sido suspendido por incidentes, cuando igualaban 1 a 1, en el marco correspondiente a la octava fecha de la Zona D, en el Torneo Provincial de Clubes 2026.<\/p>\n<p style=\"text-align: justify;\">En la reanudaci\u00f3n del juego (se disputaron dos tiempos de 16 minutos cada uno), el local Alto Valle logr\u00f3 imponerse por 2 a 1 y de esta manera se asegur\u00f3 la clasificaci\u00f3n a los playoff. Este resultado tambi\u00e9n confirm\u00f3 el boleto para Deportivo Malanz\u00e1n y la eliminaci\u00f3n del equipo chilecite\u00f1o.<\/p>\n<p style=\"text-align: justify;\">De esta manera, solo resta definir qui\u00e9n quedar\u00e1 primero y quien segundo, lo cual se determinar\u00e1 en el &#8220;mano a mano&#8221; que se jugar\u00e1 el fin de semana que viene en Malanz\u00e1n, por la \u00faltima fecha del grupo, donde Alto Valle llegar\u00e1 con la ventaja de un punto (14 contra 13).<\/p>\n<p style=\"text-align: justify;\">El \u00fanico gol del &#8220;mini-partido&#8221;, lleg\u00f3 a los 8 minutos del primer tiempo, cuando luego de un remate de Nahuel Villafa\u00f1e que provoc\u00f3 un rebote, Rafael Andrada tom\u00f3 el bal\u00f3n y lo cruz\u00f3 para vencer la resistencia del arquero Garc\u00eda.<\/p>\n<p style=\"text-align: justify;\">Con la ventaja en el resultado, el local cedi\u00f3 la iniciativa a Defensores, que busc\u00f3 el empate por todos los medios, pero no tuvo claridad para generar chances claras.<\/p>\n<p style=\"text-align: justify;\">Por su parte Alto Valle tuvo varias ocasiones de contra, pero no estuvo preciso en la definici\u00f3n y por eso el resultado no se modific\u00f3.<\/p>\n<p style=\"text-align: justify;\">\n<p style=\"text-align: justify;\"><strong>LAS POSICIONES <\/strong><\/p>\n<p style=\"text-align: justify;\">Alto Valle de Olta 14 puntos, Deportivo Malanz\u00e1n 13, Defensores de la Plata 9, Joaqu\u00edn V\u00edctor Gonz\u00e1lez de Olta 7 e Independiente de Guandacol 3.<\/p>\n<p style=\"text-align: justify;\"><strong>\u00a0<\/strong><\/p>\n<p style=\"text-align: justify;\"><strong>\u00daLTIMA FECHA <\/strong><\/p>\n<p style=\"text-align: justify;\">El fin de semana que viene se jugar\u00e1 la d\u00e9cima y \u00faltima fecha de la Zona D, donde Deportivo Malanz\u00e1n recibir\u00e1 a Alto Valle y Joaqu\u00edn V\u00edctor Gonz\u00e1lez ser\u00e1 local ante Defensores de la Plata, quedando libre Independiente de Guandacol.<\/p>\n","protected":false},"excerpt":{"rendered":"<p>Este domingo el equipo olte\u00f1o se \u00a0impuso por 2 a 1 en la reanudaci\u00f3n del partido que hab\u00eda sido suspendido&hellip;<\/p>\n","protected":false},"author":2,"featured_media":16885,"comment_status":"closed","ping_status":"closed","sticky":false,"template":"","format":"standard","meta":{"footnotes":""},"categories":[7],"tags":[],"class_list":["post-16884","post","type-post","status-publish","format-standard","has-post-thumbnail","hentry","category-provinciales"],"_links":{"self":[{"href":"https:\/\/chilecitosports.com.ar\/index.php\/wp-json\/wp\/v2\/posts\/16884","targetHints":{"allow":["GET"]}}],"collection":[{"href":"https:\/\/chilecitosports.com.ar\/index.php\/wp-json\/wp\/v2\/posts"}],"about":[{"href":"https:\/\/chilecitosports.com.ar\/index.php\/wp-json\/wp\/v2\/types\/post"}],"author":[{"embeddable":true,"href":"https:\/\/chilecitosports.com.ar\/index.php\/wp-json\/wp\/v2\/users\/2"}],"replies":[{"embeddable":true,"href":"https:\/\/chilecitosports.com.ar\/index.php\/wp-json\/wp\/v2\/comments?post=16884"}],"version-history":[{"count":1,"href":"https:\/\/chilecitosports.com.ar\/index.php\/wp-json\/wp\/v2\/posts\/16884\/revisions"}],"predecessor-version":[{"id":16886,"href":"https:\/\/chilecitosports.com.ar\/index.php\/wp-json\/wp\/v2\/posts\/16884\/revisions\/16886"}],"wp:featuredmedia":[{"embeddable":true,"href":"https:\/\/chilecitosports.com.ar\/index.php\/wp-json\/wp\/v2\/media\/16885"}],"wp:attachment":[{"href":"https:\/\/chilecitosports.com.ar\/index.php\/wp-json\/wp\/v2\/media?parent=16884"}],"wp:term":[{"taxonomy":"category","embeddable":true,"href":"https:\/\/chilecitosports.com.ar\/index.php\/wp-json\/wp\/v2\/categories?post=16884"},{"taxonomy":"post_tag","embeddable":true,"href":"https:\/\/chilecitosports.com.ar\/index.php\/wp-json\/wp\/v2\/tags?post=16884"}],"curies":[{"name":"wp","href":"https:\/\/api.w.org\/{rel}","templated":true}]}}