{"id":16873,"date":"2026-04-26T22:06:01","date_gmt":"2026-04-26T22:06:01","guid":{"rendered":"https:\/\/chilecitosports.com.ar\/?p=16873"},"modified":"2026-04-27T01:03:28","modified_gmt":"2026-04-27T01:03:28","slug":"enduro-se-viene-la-transvelasco-en-los-30-anos","status":"publish","type":"post","link":"https:\/\/chilecitosports.com.ar\/index.php\/2026\/04\/26\/enduro-se-viene-la-transvelasco-en-los-30-anos\/","title":{"rendered":"ENDURO: SE VIENE LA TRANSVELASCO EN LOS 30 A\u00d1OS"},"content":{"rendered":"<p>Se corre el domingo 3 de mayo. Se esperan pilotos de todo el pais.<!--more--><\/p>\n<p>Con epicentro en la ciudad de Chilecito, el Transvelasco toma el nombre del cerro Velasco y en torno a \u00e9l, desarrolla una carrera \u00fanica en su tipo y que proyecta ya su 30\u00ba edici\u00f3n para este fin de semana.<\/p>\n<p>Tradicionalmente con largada en el peque\u00f1o poblado de Pituil, distancia 70 Kms. Al norte de Chilecito, el Transvelasco posee dos etapas bien marcadas y definidas, la primera desde el mencionado Pituil y de veloz desarrollo a trav\u00e9s de sendas, fesh fesh y cauces de r\u00edo, con neutralizaci\u00f3n en el circuito de motocross de La Olla y una segunda etapa m\u00e1s de enduro y de menor \u201cvelocidad\u201d que llevar\u00e1 la carrera hasta Nonogasta de ida y vuelta.<\/p>\n<p>Se corre este domingo 3 de mayo desde las 8 horas.<\/p>\n","protected":false},"excerpt":{"rendered":"<p>Se corre el domingo 3 de mayo. Se esperan pilotos de todo el pais.<\/p>\n","protected":false},"author":2,"featured_media":16874,"comment_status":"closed","ping_status":"closed","sticky":false,"template":"","format":"standard","meta":{"footnotes":""},"categories":[3],"tags":[],"class_list":["post-16873","post","type-post","status-publish","format-standard","has-post-thumbnail","hentry","category-locales"],"_links":{"self":[{"href":"https:\/\/chilecitosports.com.ar\/index.php\/wp-json\/wp\/v2\/posts\/16873","targetHints":{"allow":["GET"]}}],"collection":[{"href":"https:\/\/chilecitosports.com.ar\/index.php\/wp-json\/wp\/v2\/posts"}],"about":[{"href":"https:\/\/chilecitosports.com.ar\/index.php\/wp-json\/wp\/v2\/types\/post"}],"author":[{"embeddable":true,"href":"https:\/\/chilecitosports.com.ar\/index.php\/wp-json\/wp\/v2\/users\/2"}],"replies":[{"embeddable":true,"href":"https:\/\/chilecitosports.com.ar\/index.php\/wp-json\/wp\/v2\/comments?post=16873"}],"version-history":[{"count":1,"href":"https:\/\/chilecitosports.com.ar\/index.php\/wp-json\/wp\/v2\/posts\/16873\/revisions"}],"predecessor-version":[{"id":16875,"href":"https:\/\/chilecitosports.com.ar\/index.php\/wp-json\/wp\/v2\/posts\/16873\/revisions\/16875"}],"wp:featuredmedia":[{"embeddable":true,"href":"https:\/\/chilecitosports.com.ar\/index.php\/wp-json\/wp\/v2\/media\/16874"}],"wp:attachment":[{"href":"https:\/\/chilecitosports.com.ar\/index.php\/wp-json\/wp\/v2\/media?parent=16873"}],"wp:term":[{"taxonomy":"category","embeddable":true,"href":"https:\/\/chilecitosports.com.ar\/index.php\/wp-json\/wp\/v2\/categories?post=16873"},{"taxonomy":"post_tag","embeddable":true,"href":"https:\/\/chilecitosports.com.ar\/index.php\/wp-json\/wp\/v2\/tags?post=16873"}],"curies":[{"name":"wp","href":"https:\/\/api.w.org\/{rel}","templated":true}]}}