{"id":15973,"date":"2026-03-14T00:15:40","date_gmt":"2026-03-14T00:15:40","guid":{"rendered":"https:\/\/chilecitosports.com.ar\/?p=15973"},"modified":"2026-03-15T14:55:11","modified_gmt":"2026-03-15T14:55:11","slug":"ciclismo-juniors-agustina-vega-corre-el-argentino-de-ruta-en-catamarca","status":"publish","type":"post","link":"https:\/\/chilecitosports.com.ar\/index.php\/2026\/03\/14\/ciclismo-juniors-agustina-vega-corre-el-argentino-de-ruta-en-catamarca\/","title":{"rendered":"CICLISMO JUNIORS: AGUSTINA VEGA, CORRE EL ARGENTINO DE RUTA EN CATAMARCA"},"content":{"rendered":"<p style=\"text-align: justify;\">La pedalista chilecite\u00f1a estar\u00e1 presente el domingo en la modalidad pelot\u00f3n.<!--more--><\/p>\n<p style=\"text-align: justify;\">La provincia de Catamarca volver\u00e1 a recibir un evento deportivo de car\u00e1cter nacional con la realizaci\u00f3n del Campeonato Argentino de Ruta Menores y Junior 2026, que se disputar\u00e1 del 12 al 15 de marzo en San Fernando del Valle de Catamarca.<\/p>\n<p style=\"text-align: justify;\">Agustina Vega dir\u00e1 presente en la capital catamarque\u00f1a este domingo 15 de marzo, compitiendo en la especialidad pelot\u00f3n en las damas juniors, siendo el primer desaf\u00edo de la temporada para la juvenil pedalista chilecite\u00f1a.<\/p>\n<p style=\"text-align: justify;\"><strong>EL CRONOGRAMA<\/strong><br \/>\nLa actividad comenz\u00f3 este jueves con la ratificaci\u00f3n de inscripciones y las 19.30, seguida por el congresillo y la presentaci\u00f3n de delegaciones a las 20. La secretar\u00eda permanente funcionar\u00e1 en la Iglesia San Jos\u00e9, en el departamento Fray Mamerto Esqui\u00fa.<br \/>\nEl viernes 13 se desarrollar\u00e1n las pruebas de Contrarreloj Individual para damas y varones en las categor\u00edas 2010 y Junior. El s\u00e1bado 14 ser\u00e1 el turno de las pruebas en l\u00ednea para las categor\u00edas Menores (2012 a 2010), mientras que el domingo 15 se disputar\u00e1n las competencias en l\u00ednea para la categor\u00eda Junior en ambas ramas.<br \/>\nLos tres mejores de cada prueba recibir\u00e1n premios: el campe\u00f3n obtendr\u00e1 camiseta y medalla dorada, el subcampe\u00f3n medalla plateada y el tercer puesto medalla de bronce.<\/p>\n","protected":false},"excerpt":{"rendered":"<p>La pedalista chilecite\u00f1a estar\u00e1 presente el domingo en la modalidad pelot\u00f3n.<\/p>\n","protected":false},"author":2,"featured_media":15974,"comment_status":"closed","ping_status":"closed","sticky":false,"template":"","format":"standard","meta":{"footnotes":""},"categories":[1],"tags":[],"class_list":["post-15973","post","type-post","status-publish","format-standard","has-post-thumbnail","hentry","category-nacionales"],"_links":{"self":[{"href":"https:\/\/chilecitosports.com.ar\/index.php\/wp-json\/wp\/v2\/posts\/15973","targetHints":{"allow":["GET"]}}],"collection":[{"href":"https:\/\/chilecitosports.com.ar\/index.php\/wp-json\/wp\/v2\/posts"}],"about":[{"href":"https:\/\/chilecitosports.com.ar\/index.php\/wp-json\/wp\/v2\/types\/post"}],"author":[{"embeddable":true,"href":"https:\/\/chilecitosports.com.ar\/index.php\/wp-json\/wp\/v2\/users\/2"}],"replies":[{"embeddable":true,"href":"https:\/\/chilecitosports.com.ar\/index.php\/wp-json\/wp\/v2\/comments?post=15973"}],"version-history":[{"count":1,"href":"https:\/\/chilecitosports.com.ar\/index.php\/wp-json\/wp\/v2\/posts\/15973\/revisions"}],"predecessor-version":[{"id":15975,"href":"https:\/\/chilecitosports.com.ar\/index.php\/wp-json\/wp\/v2\/posts\/15973\/revisions\/15975"}],"wp:featuredmedia":[{"embeddable":true,"href":"https:\/\/chilecitosports.com.ar\/index.php\/wp-json\/wp\/v2\/media\/15974"}],"wp:attachment":[{"href":"https:\/\/chilecitosports.com.ar\/index.php\/wp-json\/wp\/v2\/media?parent=15973"}],"wp:term":[{"taxonomy":"category","embeddable":true,"href":"https:\/\/chilecitosports.com.ar\/index.php\/wp-json\/wp\/v2\/categories?post=15973"},{"taxonomy":"post_tag","embeddable":true,"href":"https:\/\/chilecitosports.com.ar\/index.php\/wp-json\/wp\/v2\/tags?post=15973"}],"curies":[{"name":"wp","href":"https:\/\/api.w.org\/{rel}","templated":true}]}}