{"id":15917,"date":"2026-03-10T01:15:03","date_gmt":"2026-03-10T01:15:03","guid":{"rendered":"https:\/\/chilecitosports.com.ar\/?p=15917"},"modified":"2026-03-13T00:17:01","modified_gmt":"2026-03-13T00:17:01","slug":"luego-del-paro-de-afa-este-martes-arranca-la-decima-fecha-del-apertura","status":"publish","type":"post","link":"https:\/\/chilecitosports.com.ar\/index.php\/2026\/03\/10\/luego-del-paro-de-afa-este-martes-arranca-la-decima-fecha-del-apertura\/","title":{"rendered":"AFA: ESTE JUEVES CONTIN\u00daA LA 10\u00ba FECHA DEL APERTURA"},"content":{"rendered":"<p style=\"text-align: justify;\">La Liga Profesional retoma el torneo tras el paro de la AFA y ya tiene confirmado el cronograma completo de la fecha con d\u00edas, horarios y TV.<!--more--><\/p>\n<p style=\"text-align: justify;\">Luego del paro que suspendi\u00f3 la fecha 9 por el conflicto judicial que atraviesa la AFA, la Liga Profesional reanuda su calendario. Desde el martes 10 de marzo se disputar\u00e1 la fecha 10 del Torneo Apertura 2026, con partidos durante toda la semana y transmisi\u00f3n por TV.<br \/>\nLa medida paraliz\u00f3 la actividad en todas las categor\u00edas y cont\u00f3 con el respaldo de los clubes de la Liga Profesional. Tras esa pausa obligada, el torneo retomar\u00e1 su cronograma habitual a partir del martes 10 de marzo. La jornada suspendida ser\u00e1 reprogramada para m\u00e1s adelante en el campeonato. Seg\u00fan lo previsto, la fecha 9 se disputar\u00e1 reci\u00e9n a comienzos de mayo, lo que generar\u00e1 un calendario m\u00e1s ajustado en la recta final del certamen.<\/p>\n<p style=\"text-align: justify;\"><strong>As\u00ed se jugar\u00e1 la fecha 10 del Torneo Apertura<\/strong><br \/>\nLa d\u00e9cima jornada del Torneo Apertura 2026 se jugar\u00e1 entre el martes 10 y el viernes 13 de marzo con partidos televisados por ESPN Premium y TNT Sports.<br \/>\n<strong>Martes 10 de marzo<\/strong><br \/>\n\u2022 19.45 Tigre \u2013 V\u00e9lez (Interzonal) \u2013 ESPN Premium<br \/>\n\u2022 19.45 Independiente \u2013 Uni\u00f3n (Zona A) \u2013 TNT Sports<br \/>\n\u2022 22.00 Sarmiento \u2013 Racing (Zona B) \u2013 ESPN Premium<br \/>\n\u2022 22.00 Newell\u2019s \u2013 Platense (Zona A) \u2013 TNT Sports<\/p>\n<p style=\"text-align: justify;\"><strong>Mi\u00e9rcoles 11 de marzo<\/strong><br \/>\n\u2022 17.30 Banfield \u2013 Gimnasia (Zona B) \u2013 ESPN Premium<br \/>\n\u2022 17.30 Argentinos \u2013 Rosario Central (Zona B) \u2013 TNT Sports<br \/>\n\u2022 19.45 Boca \u2013 San Lorenzo (Zona A) \u2013 ESPN Premium<br \/>\n\u2022 22.00 Independiente Rivadavia (Mza.) \u2013 Barracas Central (Zona B) \u2013 TNT Sports<br \/>\n\u2022 22.00 Atl\u00e9tico Tucum\u00e1n \u2013 Aldosivi (Zona B) \u2013 ESPN Premium<\/p>\n<p style=\"text-align: justify;\"><strong>Jueves 12 de marzo<\/strong><br \/>\n\u2022 17.00 Deportivo Riestra \u2013 Gimnasia (Mza.) (Zona A) \u2013 ESPN Premium<br \/>\n\u2022 17.00 Defensa y Justicia \u2013 Central C\u00f3rdoba (Zona A) \u2013 TNT Sports<br \/>\n\u2022 19.15 Talleres \u2013 Instituto (Zona A) \u2013 TNT Sports<br \/>\n\u2022 19.15 Estudiantes (R\u00edo Cuarto) \u2013 Belgrano (Zona B) \u2013 ESPN Premium<br \/>\n\u2022 21.30 Hurac\u00e1n \u2013 River (Zona B) \u2013 TNT Sports<\/p>\n<p style=\"text-align: justify;\"><strong>Viernes 13 de marzo<\/strong><br \/>\n\u2022 20.00 Estudiantes \u2013 Lan\u00fas (Zona A) \u2013 ESPN Premium.<\/p>\n","protected":false},"excerpt":{"rendered":"<p>La Liga Profesional retoma el torneo tras el paro de la AFA y ya tiene confirmado el cronograma completo de&hellip;<\/p>\n","protected":false},"author":2,"featured_media":15942,"comment_status":"closed","ping_status":"closed","sticky":false,"template":"","format":"standard","meta":{"footnotes":""},"categories":[1],"tags":[],"class_list":["post-15917","post","type-post","status-publish","format-standard","has-post-thumbnail","hentry","category-nacionales"],"_links":{"self":[{"href":"https:\/\/chilecitosports.com.ar\/index.php\/wp-json\/wp\/v2\/posts\/15917","targetHints":{"allow":["GET"]}}],"collection":[{"href":"https:\/\/chilecitosports.com.ar\/index.php\/wp-json\/wp\/v2\/posts"}],"about":[{"href":"https:\/\/chilecitosports.com.ar\/index.php\/wp-json\/wp\/v2\/types\/post"}],"author":[{"embeddable":true,"href":"https:\/\/chilecitosports.com.ar\/index.php\/wp-json\/wp\/v2\/users\/2"}],"replies":[{"embeddable":true,"href":"https:\/\/chilecitosports.com.ar\/index.php\/wp-json\/wp\/v2\/comments?post=15917"}],"version-history":[{"count":4,"href":"https:\/\/chilecitosports.com.ar\/index.php\/wp-json\/wp\/v2\/posts\/15917\/revisions"}],"predecessor-version":[{"id":15963,"href":"https:\/\/chilecitosports.com.ar\/index.php\/wp-json\/wp\/v2\/posts\/15917\/revisions\/15963"}],"wp:featuredmedia":[{"embeddable":true,"href":"https:\/\/chilecitosports.com.ar\/index.php\/wp-json\/wp\/v2\/media\/15942"}],"wp:attachment":[{"href":"https:\/\/chilecitosports.com.ar\/index.php\/wp-json\/wp\/v2\/media?parent=15917"}],"wp:term":[{"taxonomy":"category","embeddable":true,"href":"https:\/\/chilecitosports.com.ar\/index.php\/wp-json\/wp\/v2\/categories?post=15917"},{"taxonomy":"post_tag","embeddable":true,"href":"https:\/\/chilecitosports.com.ar\/index.php\/wp-json\/wp\/v2\/tags?post=15917"}],"curies":[{"name":"wp","href":"https:\/\/api.w.org\/{rel}","templated":true}]}}