{"id":15223,"date":"2026-01-26T17:21:24","date_gmt":"2026-01-26T17:21:24","guid":{"rendered":"https:\/\/chilecitosports.com.ar\/?p=15223"},"modified":"2026-01-26T17:37:38","modified_gmt":"2026-01-26T17:37:38","slug":"un-informe-medico-dice-que-michael-schumacher-estaria-en-silla-de-ruedas","status":"publish","type":"post","link":"https:\/\/chilecitosports.com.ar\/index.php\/2026\/01\/26\/un-informe-medico-dice-que-michael-schumacher-estaria-en-silla-de-ruedas\/","title":{"rendered":"UN INFORME M\u00c9DICO DICE QUE MICHAEL SCHUMACHER ESTAR\u00cdA EN SILLA DE RUEDAS"},"content":{"rendered":"<p style=\"text-align: justify;\">Un reportaje realizado por el medio brit\u00e1nico Daily Mail brind\u00f3 nueva informaci\u00f3n sobre el estado de salud del K\u00e1iser.<\/p>\n<p style=\"text-align: justify;\">El art\u00edculo, realizado por Jonathan McEvoy y citando fuentes cercanas a la familia del heptacampe\u00f3n el mundo, informa que <a href=\"https:\/\/www.facebook.com\/michaelschumacherofficial?__cft__%5b0%5d=AZYmKEw_z1RXB_qi-kZLJ9q5LBdBld93asDc1Gt9ZcbFv1Tf6u-LivbtIPTMEq6hd5XM_g1wAJvnKw2iTVjlloOY_PriFJ9uv42thbdAM3_oMuze_svpkjDk_GFIvh5zNr8F9AytKsd2ZZkFVxSlwiw-v1wtxVD5iMD8Ixlb8HMb3Czd7Pn1e6EKfS7ozSTGekrluAPUC-NealbH4JZaGkJL&amp;__tn__=-%5dK-R\">Michael Schumacher<\/a> ya no estar\u00eda postrado en cama todo el tiempo, pudi\u00e9ndose sentar en silla de ruedas y logr\u00f3 comunicarse, mediante parpadeos, con sus seres queridos.<\/p>\n","protected":false},"excerpt":{"rendered":"<p>Un reportaje realizado por el medio brit\u00e1nico Daily Mail brind\u00f3 nueva informaci\u00f3n sobre el estado de salud del K\u00e1iser. El&hellip;<\/p>\n","protected":false},"author":2,"featured_media":15224,"comment_status":"closed","ping_status":"closed","sticky":false,"template":"","format":"standard","meta":{"footnotes":""},"categories":[6],"tags":[],"class_list":["post-15223","post","type-post","status-publish","format-standard","has-post-thumbnail","hentry","category-internacionales"],"_links":{"self":[{"href":"https:\/\/chilecitosports.com.ar\/index.php\/wp-json\/wp\/v2\/posts\/15223","targetHints":{"allow":["GET"]}}],"collection":[{"href":"https:\/\/chilecitosports.com.ar\/index.php\/wp-json\/wp\/v2\/posts"}],"about":[{"href":"https:\/\/chilecitosports.com.ar\/index.php\/wp-json\/wp\/v2\/types\/post"}],"author":[{"embeddable":true,"href":"https:\/\/chilecitosports.com.ar\/index.php\/wp-json\/wp\/v2\/users\/2"}],"replies":[{"embeddable":true,"href":"https:\/\/chilecitosports.com.ar\/index.php\/wp-json\/wp\/v2\/comments?post=15223"}],"version-history":[{"count":2,"href":"https:\/\/chilecitosports.com.ar\/index.php\/wp-json\/wp\/v2\/posts\/15223\/revisions"}],"predecessor-version":[{"id":15232,"href":"https:\/\/chilecitosports.com.ar\/index.php\/wp-json\/wp\/v2\/posts\/15223\/revisions\/15232"}],"wp:featuredmedia":[{"embeddable":true,"href":"https:\/\/chilecitosports.com.ar\/index.php\/wp-json\/wp\/v2\/media\/15224"}],"wp:attachment":[{"href":"https:\/\/chilecitosports.com.ar\/index.php\/wp-json\/wp\/v2\/media?parent=15223"}],"wp:term":[{"taxonomy":"category","embeddable":true,"href":"https:\/\/chilecitosports.com.ar\/index.php\/wp-json\/wp\/v2\/categories?post=15223"},{"taxonomy":"post_tag","embeddable":true,"href":"https:\/\/chilecitosports.com.ar\/index.php\/wp-json\/wp\/v2\/tags?post=15223"}],"curies":[{"name":"wp","href":"https:\/\/api.w.org\/{rel}","templated":true}]}}