{"id":15181,"date":"2026-01-23T00:09:42","date_gmt":"2026-01-23T00:09:42","guid":{"rendered":"https:\/\/chilecitosports.com.ar\/?p=15181"},"modified":"2026-01-24T14:51:15","modified_gmt":"2026-01-24T14:51:15","slug":"f1-alpine-con-colapinto-como-protagonista-presento-en-barcelona-el-a526","status":"publish","type":"post","link":"https:\/\/chilecitosports.com.ar\/index.php\/2026\/01\/23\/f1-alpine-con-colapinto-como-protagonista-presento-en-barcelona-el-a526\/","title":{"rendered":"F1: ALPINE CON COLAPINTO COMO PROTAGONISTA PRESENT\u00d3 EN BARCELONA EL A526"},"content":{"rendered":"<p style=\"text-align: justify;\">La escuder\u00eda francesa realiz\u00f3 un evento en Barcelona para revelar el dise\u00f1o del A526 que comandar\u00e1n el piloto argentino y Pierre Gasly.<!--more--><\/p>\n<p style=\"text-align: justify;\">Con Franco Colapinto, Pierre Gasly y Flavio Briatore, Alpine present\u00f3 el coche para la temporada 2026 de la F\u00f3rmula 1 a bordo de un crucero<\/p>\n<p style=\"text-align: justify;\">Ante la creciente expectativa por el debut en la temporada 2026,\u00a0<a href=\"https:\/\/www.infobae.com\/deportes\/2025\/12\/17\/la-formula-1-presento-las-primeras-imagenes-de-como-son-los-coches-del-2026-y-detallo-el-nuevo-modo-para-los-sobrepasos-en-carrera\/\">la cual contar\u00e1 con una revolucionaria normativa t\u00e9cnica<\/a>,\u00a0Alpine present\u00f3 de manera oficial la decoraci\u00f3n de su monoplaza A526. En un evento realizado en las costas de\u00a0Barcelona,\u00a0Espa\u00f1a,\u00a0la escuder\u00eda francesa revel\u00f3 el livery que utilizar\u00e1n Pierre Gasly y Franco Colapinto en un crucero, el cual se relaciona con uno de los principales sponsors del equipo de Enstone.<\/p>\n<p style=\"text-align: justify;\">Siguiendo las caracter\u00edsticas de los \u00faltimos monoplazas, el flamante A526 tiene al color azul como predominante, con algunos tonos en rosa. Una vez que el team franc\u00e9s revel\u00f3 la decoraci\u00f3n del veh\u00edculo en el evento en Barcelona, publicaron varias im\u00e1genes del veh\u00edculo en detalle en sus redes sociales.<\/p>\n<p style=\"text-align: justify;\">\u201cNos preparamos para lo que sin duda ser\u00e1 una temporada \u00fanica en la historia de la F\u00f3rmula 1, sobre todo para nosotros con el nuevo reglamento t\u00e9cnico, que nos ofrece una hoja en blanco y una gran oportunidad para ser m\u00e1s competitivos que en campa\u00f1as anteriores. Han sido unos meses intensos en la f\u00e1brica de Enstone prepar\u00e1ndonos para la temporada, dise\u00f1ando y creando el A526 junto con Mercedes-AMG, que suministrar\u00e1 el nuevo motor y la caja de cambios a partir de esta temporada; una colaboraci\u00f3n que nos entusiasma mucho\u201d, expres\u00f3 Flavio Briatore en declaraciones que replic\u00f3 la gacetilla de prensa.<\/p>\n<p style=\"text-align: justify;\">\n<p style=\"text-align: justify;\">Cabe recordar que\u00a0<a href=\"https:\/\/www.infobae.com\/deportes\/2026\/01\/21\/alpine-saco-a-pista-su-coche-para-la-temporada-2026-de-la-formula-1-el-video-que-circulo-y-el-mensaje-de-briatore\/\">Alpine ya prob\u00f3 el flamante monoplaza en pista en el marco de una sesi\u00f3n privada en Silverstone<\/a>\u00a0el pasado mi\u00e9rcoles 21 de enero.\u00a0Flavio Briatore, l\u00edder de Alpine, se encarg\u00f3 de publicar una serie de im\u00e1genes en las que se encuentra junto a Franco Colapinto y\u00a0Pierre Gasly, quien fue el encargado de estrenar el nuevo coche en pista.<\/p>\n<p style=\"text-align: justify;\">&#8220;Nos preparamos para lo que sin duda ser\u00e1 una temporada \u00fanica en la historia de la F\u00f3rmula 1&#8221;, dijo Briatore (Foto: @alpinef1team)<\/p>\n<p style=\"text-align: justify;\">El corredor argentino\u00a0<a href=\"https:\/\/www.infobae.com\/deportes\/2026\/01\/23\/franco-colapinto-hablo-tras-la-presentacion-del-nuevo-alpine-para-la-temporada-2026-de-la-f1-hay-nuevos-trucos-y-nuevos-retos-que-aprender\/\">dej\u00f3 sus primeras sensaciones sobre lo que afrontar\u00e1 en su primera temporada<\/a>\u00a0formal como corredor titular de la M\u00e1xima: \u201cEn primer lugar, estoy muy emocionado. Por primera vez en mi carrera, he tenido una pretemporada adecuada para prepararme para un a\u00f1o completo, desde las pruebas hasta la primera carrera.\u00a0Para m\u00ed, esto es muy importante, ya que me siento parte integrante del proyecto y significa que puedo trabajar duro con todos los miembros del equipo desde el principio\u201d.<\/p>\n","protected":false},"excerpt":{"rendered":"<p>La escuder\u00eda francesa realiz\u00f3 un evento en Barcelona para revelar el dise\u00f1o del A526 que comandar\u00e1n el piloto argentino y&hellip;<\/p>\n","protected":false},"author":2,"featured_media":15182,"comment_status":"closed","ping_status":"closed","sticky":false,"template":"","format":"standard","meta":{"footnotes":""},"categories":[6],"tags":[],"class_list":["post-15181","post","type-post","status-publish","format-standard","has-post-thumbnail","hentry","category-internacionales"],"_links":{"self":[{"href":"https:\/\/chilecitosports.com.ar\/index.php\/wp-json\/wp\/v2\/posts\/15181","targetHints":{"allow":["GET"]}}],"collection":[{"href":"https:\/\/chilecitosports.com.ar\/index.php\/wp-json\/wp\/v2\/posts"}],"about":[{"href":"https:\/\/chilecitosports.com.ar\/index.php\/wp-json\/wp\/v2\/types\/post"}],"author":[{"embeddable":true,"href":"https:\/\/chilecitosports.com.ar\/index.php\/wp-json\/wp\/v2\/users\/2"}],"replies":[{"embeddable":true,"href":"https:\/\/chilecitosports.com.ar\/index.php\/wp-json\/wp\/v2\/comments?post=15181"}],"version-history":[{"count":1,"href":"https:\/\/chilecitosports.com.ar\/index.php\/wp-json\/wp\/v2\/posts\/15181\/revisions"}],"predecessor-version":[{"id":15183,"href":"https:\/\/chilecitosports.com.ar\/index.php\/wp-json\/wp\/v2\/posts\/15181\/revisions\/15183"}],"wp:featuredmedia":[{"embeddable":true,"href":"https:\/\/chilecitosports.com.ar\/index.php\/wp-json\/wp\/v2\/media\/15182"}],"wp:attachment":[{"href":"https:\/\/chilecitosports.com.ar\/index.php\/wp-json\/wp\/v2\/media?parent=15181"}],"wp:term":[{"taxonomy":"category","embeddable":true,"href":"https:\/\/chilecitosports.com.ar\/index.php\/wp-json\/wp\/v2\/categories?post=15181"},{"taxonomy":"post_tag","embeddable":true,"href":"https:\/\/chilecitosports.com.ar\/index.php\/wp-json\/wp\/v2\/tags?post=15181"}],"curies":[{"name":"wp","href":"https:\/\/api.w.org\/{rel}","templated":true}]}}