{"id":15147,"date":"2026-01-21T01:10:10","date_gmt":"2026-01-21T01:10:10","guid":{"rendered":"https:\/\/chilecitosports.com.ar\/?p=15147"},"modified":"2026-01-24T14:51:55","modified_gmt":"2026-01-24T14:51:55","slug":"futbol-en-chilecito-se-hara-la-presentacion-del-provincial-de-clubes-2026","status":"publish","type":"post","link":"https:\/\/chilecitosports.com.ar\/index.php\/2026\/01\/21\/futbol-en-chilecito-se-hara-la-presentacion-del-provincial-de-clubes-2026\/","title":{"rendered":"F\u00daTBOL: EN CHILECITO SE HAR\u00c1 LA PRESENTACI\u00d3N DEL PROVINCIAL DE CLUBES 2026"},"content":{"rendered":"<p style=\"text-align: justify;\">La semana pasada se \u00a0llev\u00f3 a cabo la reuni\u00f3n de la Federaci\u00f3n Riojana de F\u00fatbol, en la ciudad capital.<!--more--><\/p>\n<p style=\"text-align: justify;\">\ud835\udc0f\ud835\udc1a\ud835\udc2b\ud835\udc2d\ud835\udc22\ud835\udc1c\ud835\udc22\ud835\udc29\ud835\udc1a\ud835\udc2b\ud835\udc28\ud835\udc27 \ud835\udc25\ud835\udc1a\ud835\udc2c \ud835\udfd4 \ud835\udc1a\ud835\udc1f\ud835\udc22\ud835\udc25\ud835\udc22\ud835\udc1a\ud835\udc1d\ud835\udc1a\ud835\udc2c:<\/p>\n<p style=\"text-align: justify;\">Cultural y Deportiva de Los Llanos (Lu\u00eds Chumbita), Oeste Riojano (Daniel P\u00e1ez), Chilecite\u00f1a (Walter Arga\u00f1araz), Capitalina (Representada por el Vicepresidente Marcelo Irungaray \u2013Encargado del F\u00fatbol Femenino Provincial- y Mario Aguirre) y Aimogaste\u00f1a (N\u00fa\u00f1ez). Tambi\u00e9n estuvo presente Ricardo Navarro, Director T\u00e9cnico de Futsal y responsable de la disciplina a nivel Federaci\u00f3n.<\/p>\n<p style=\"text-align: justify;\">El d\u00eda anterior, el presidente de la Federaci\u00f3n, Juan Pablo Ceballos, hab\u00eda recibido al presidente de Liga del Sur, Arq. Carlos Rold\u00e1n.<\/p>\n<p style=\"text-align: justify;\">\ud835\udc02\ud835\udc0b\ud835\udc14\ud835\udc01\ud835\udc04\ud835\udc12 \ud835\udc0f\ud835\udc00\ud835\udc11\ud835\udc13\ud835\udc08\ud835\udc02\ud835\udc08\ud835\udc0f\ud835\udc00\ud835\udc0d\ud835\udc13\ud835\udc04\ud835\udc12<\/p>\n<p style=\"text-align: justify;\">Si bien, a\u00fan no fueron oficializados, habr\u00edan manifestado su inter\u00e9s de participar, un total de 21 clubes afiliados a las 6 Ligas federadas de la provincia. Ese n\u00famero podr\u00eda variar con el paso de los d\u00edas.<\/p>\n<p style=\"text-align: justify;\">\ud835\udc05\ud835\udc04\ud835\udc02\ud835\udc07\ud835\udc00 \ud835\udc03\ud835\udc04 \ud835\udc08\ud835\udc0d\ud835\udc08\ud835\udc02\ud835\udc08\ud835\udc0e (\ud835\udc13\ud835\udc04\ud835\udc0d\ud835\udc13\ud835\udc00\ud835\udc13\ud835\udc08\ud835\udc15\ud835\udc00)<\/p>\n<p style=\"text-align: justify;\">Se maneja la posibilidad de comenzar el d\u00eda s\u00e1bado 21-febrero (A confirmar).<\/p>\n<p style=\"text-align: justify;\">\ud835\udc05\ud835\udc0e\ud835\udc11\ud835\udc0c\ud835\udc00\ud835\udc13\ud835\udc0e<\/p>\n<p style=\"text-align: justify;\">Quedar\u00e1 definido una vez que se conozca la cantidad de clubes participantes.<\/p>\n<p style=\"text-align: justify;\">\ud835\udc05\ud835\udc04\ud835\udc02\ud835\udc07\ud835\udc00 \ud835\udc0f\ud835\udc00\ud835\udc11\ud835\udc00 \ud835\udc02\ud835\udc0e\ud835\udc0d\ud835\udc05\ud835\udc08\ud835\udc11\ud835\udc0c\ud835\udc00\ud835\udc11 \ud835\udc0f\ud835\udc00\ud835\udc11\ud835\udc13\ud835\udc08\ud835\udc02\ud835\udc08\ud835\udc0f\ud835\udc00\ud835\udc02\ud835\udc08\ud835\udc0e\ud835\udc0d<\/p>\n<p style=\"text-align: justify;\">La fecha l\u00edmite ser\u00eda viernes 23-enero, a trav\u00e9s de sus respectivas ligas.<\/p>\n<p style=\"text-align: justify;\">\ud835\udc0f\ud835\udc11\ud835\udc04\ud835\udc12\ud835\udc04\ud835\udc0d\ud835\udc13\ud835\udc00\ud835\udc02\ud835\udc08\ud835\udc0e\ud835\udc0d \ud835\udc03\ud835\udc04\ud835\udc0b \ud835\udc13\ud835\udc0e\ud835\udc11\ud835\udc0d\ud835\udc04\ud835\udc0e \ud835\udc32 \ud835\udc12\ud835\udc0e\ud835\udc11\ud835\udc13\ud835\udc04\ud835\udc0e<\/p>\n<p style=\"text-align: justify;\">Se realizar\u00eda en la primera semana de febrero, en la ciudad de Chilecito.<\/p>\n<p style=\"text-align: justify;\">La dirigencia manifest\u00f3 que existe gran entusiasmo y expectativa por la realizaci\u00f3n del torneo y que habr\u00e1 una gran participaci\u00f3n de clubes. La competencia otorgar\u00e1 el t\u00edtulo de campe\u00f3n provincial y una plaza al pr\u00f3ximo Torneo Regional Federal Amateur 26\/27.<\/p>\n","protected":false},"excerpt":{"rendered":"<p>La semana pasada se \u00a0llev\u00f3 a cabo la reuni\u00f3n de la Federaci\u00f3n Riojana de F\u00fatbol, en la ciudad capital.<\/p>\n","protected":false},"author":2,"featured_media":15170,"comment_status":"closed","ping_status":"closed","sticky":false,"template":"","format":"standard","meta":{"footnotes":""},"categories":[7],"tags":[],"class_list":["post-15147","post","type-post","status-publish","format-standard","has-post-thumbnail","hentry","category-provinciales"],"_links":{"self":[{"href":"https:\/\/chilecitosports.com.ar\/index.php\/wp-json\/wp\/v2\/posts\/15147","targetHints":{"allow":["GET"]}}],"collection":[{"href":"https:\/\/chilecitosports.com.ar\/index.php\/wp-json\/wp\/v2\/posts"}],"about":[{"href":"https:\/\/chilecitosports.com.ar\/index.php\/wp-json\/wp\/v2\/types\/post"}],"author":[{"embeddable":true,"href":"https:\/\/chilecitosports.com.ar\/index.php\/wp-json\/wp\/v2\/users\/2"}],"replies":[{"embeddable":true,"href":"https:\/\/chilecitosports.com.ar\/index.php\/wp-json\/wp\/v2\/comments?post=15147"}],"version-history":[{"count":2,"href":"https:\/\/chilecitosports.com.ar\/index.php\/wp-json\/wp\/v2\/posts\/15147\/revisions"}],"predecessor-version":[{"id":15171,"href":"https:\/\/chilecitosports.com.ar\/index.php\/wp-json\/wp\/v2\/posts\/15147\/revisions\/15171"}],"wp:featuredmedia":[{"embeddable":true,"href":"https:\/\/chilecitosports.com.ar\/index.php\/wp-json\/wp\/v2\/media\/15170"}],"wp:attachment":[{"href":"https:\/\/chilecitosports.com.ar\/index.php\/wp-json\/wp\/v2\/media?parent=15147"}],"wp:term":[{"taxonomy":"category","embeddable":true,"href":"https:\/\/chilecitosports.com.ar\/index.php\/wp-json\/wp\/v2\/categories?post=15147"},{"taxonomy":"post_tag","embeddable":true,"href":"https:\/\/chilecitosports.com.ar\/index.php\/wp-json\/wp\/v2\/tags?post=15147"}],"curies":[{"name":"wp","href":"https:\/\/api.w.org\/{rel}","templated":true}]}}