{"id":14926,"date":"2026-01-22T11:02:23","date_gmt":"2026-01-22T11:02:23","guid":{"rendered":"https:\/\/chilecitosports.com.ar\/?p=14926"},"modified":"2026-01-25T11:52:25","modified_gmt":"2026-01-25T11:52:25","slug":"confirman-dias-y-horarios-de-la-primera-fecha-del-apertura-2026","status":"publish","type":"post","link":"https:\/\/chilecitosports.com.ar\/index.php\/2026\/01\/22\/confirman-dias-y-horarios-de-la-primera-fecha-del-apertura-2026\/","title":{"rendered":"ESTE DOMINGO, SE COMPLETA LA 1\u00ba FECHA DE APERTURA 2026 DEL F\u00daTBOL ARGENTINO"},"content":{"rendered":"<p style=\"text-align: justify;\">En marcha la jornada inicial del certamen.<!--more--><\/p>\n<p style=\"text-align: justify;\">La\u00a0<a href=\"https:\/\/www.elgrafico.com.ar\/etiqueta\/liga%20profesional\">LIGA PROFESIONAL<\/a>\u00a0dio a conocer las autoridades que impartir\u00e1n justicia en la\u00a0jornada inicial del\u00a0<a href=\"https:\/\/www.elgrafico.com.ar\/etiqueta\/torneo%20apertura%202026\">Torneo Apertura 2026<\/a>.<\/p>\n<p style=\"text-align: justify;\"><a href=\"https:\/\/www.elgrafico.com.ar\/etiqueta\/nicol%C3%A1s%20ram%C3%ADrez\">Nicol\u00e1s Ram\u00edrez<\/a>\u00a0dirigir\u00e1 el choque entre\u00a0Barracas Central y River, mientras que <a href=\"https:\/\/www.elgrafico.com.ar\/etiqueta\/sebastian%20zunino\">Sebasti\u00e1n Zunino <\/a>estar\u00e1 en La Bombonera para\u00a0Boca &#8211; Deportivo Riestra.<\/p>\n<p style=\"text-align: justify;\">Daniel Zamora abrir\u00e1 el torneo en Mar del Plata y pitar\u00e1 Aldosivi &#8211; Defensa y Justicia, el interzonal de la primera fecha.<\/p>\n<p>&nbsp;<\/p>\n<p style=\"text-align: justify;\"><strong>FECHA 1 DEL TORNEO APERTURA<\/strong><\/p>\n<p style=\"text-align: justify;\"><em><strong>*Jueves 22 de enero<\/strong><\/em><br \/>\nAldosivi <strong>(0)<\/strong> \u2013 Defensa y Justicia <strong>(0)<\/strong> (Interzonal)<br \/>\n\u00c1rbitro: Daniel E. Zamora<\/p>\n<p>Uni\u00f3n <strong>(0)<\/strong> \u2013 Platense <strong>(0)<\/strong> (Zona A)<br \/>\n\u00c1rbitro: Pablo Echavarr\u00eda<\/p>\n<p>Banfield <strong>(1)<\/strong> \u2013 Hurac\u00e1n <strong>(1)<\/strong> (Zona B)<br \/>\n\u00c1rbitro: Bruno Amiconi<\/p>\n<p>Central C\u00f3rdoba <strong>(0)<\/strong> \u2013 Gimnasia de Mendoza <strong>(1)<\/strong> (Zona A)<br \/>\n\u00c1rbitro: Hern\u00e1n Mastr\u00e1ngelo<br \/>\n\u00c1rbitro asistente 1: Gabriel Chade<br \/>\n\u00c1rbitro asistente 2: Uriel Garc\u00eda Leri<\/p>\n<p>Instituto <strong>(0)<\/strong>\u2013 V\u00e9lez <strong>(1)<\/strong> (Zona A)<br \/>\n\u00c1rbitro: Andr\u00e9s Merlos<\/p>\n<p>&nbsp;<\/p>\n<p style=\"text-align: justify;\"><strong><em>*Viernes 23 de enero<\/em><\/strong><br \/>\n-19.00 San Lorenzo \u2013 Lan\u00fas (Zona A) -TNT Sports-<br \/>\n\u00c1rbitro: Pablo D\u00f3valo<\/p>\n<p>-20.00 Independiente \u2013 Estudiantes (Zona A) -ESPN Premium-<br \/>\n\u00c1rbitro: Nazareno Arasa<\/p>\n<p>-22.15 Talleres \u2013 Newell\u2019s (Zona A) -ESPN Premium-<br \/>\n\u00c1rbitro: Luis Lobo Medina<\/p>\n<p>-22.15 Independiente Rivadavia Mza. \u2013 Atl\u00e9tico Tucum\u00e1n (Zona B) -TNT Sports-<br \/>\n\u00c1rbitro: Bryan Ferreyra<\/p>\n<p>&nbsp;<\/p>\n<p style=\"text-align: justify;\"><strong><em>*S\u00e1bado 24 de enero<\/em><\/strong><br \/>\n-17.00 Barracas Central \u2013 River (Zona B) -ESPN Premium-<br \/>\n\u00c1rbitro: Nicol\u00e1s Ram\u00edrez<\/p>\n<p>-19.30 Gimnasia \u2013 Racing (Zona B) -TNT Sports-<br \/>\n\u00c1rbitro: Leandro Rey Hilfer<\/p>\n<p>-22.00 Rosario Central \u2013 Belgrano (Zona B) -ESPN Premium-<br \/>\n\u00c1rbitro: Yael Falc\u00f3n P\u00e9rez<\/p>\n<p>&nbsp;<\/p>\n<p style=\"text-align: justify;\"><strong><em>*Domingo 25 de enero<\/em><\/strong><br \/>\n-18.30 Boca \u2013 Deportivo Riestra (Zona A) -TNT Sports-<br \/>\n\u00c1rbitro: Sebasti\u00e1n Zunino<\/p>\n<p>-21.00 Tigre \u2013 Estudiantes (R\u00edo Cuarto) (Zona B) -TNT Sports-<br \/>\n\u00c1rbitro: Felipe Viola<\/p>\n<p>-21.00 Argentinos \u2013 Sarmiento\u00a0(Zona B) -ESPN Premium-<br \/>\n\u00c1rbitro: Andr\u00e9s Gariano<\/p>\n","protected":false},"excerpt":{"rendered":"<p>En marcha la jornada inicial del certamen.<\/p>\n","protected":false},"author":2,"featured_media":14927,"comment_status":"closed","ping_status":"closed","sticky":false,"template":"","format":"standard","meta":{"footnotes":""},"categories":[1],"tags":[],"class_list":["post-14926","post","type-post","status-publish","format-standard","has-post-thumbnail","hentry","category-nacionales"],"_links":{"self":[{"href":"https:\/\/chilecitosports.com.ar\/index.php\/wp-json\/wp\/v2\/posts\/14926","targetHints":{"allow":["GET"]}}],"collection":[{"href":"https:\/\/chilecitosports.com.ar\/index.php\/wp-json\/wp\/v2\/posts"}],"about":[{"href":"https:\/\/chilecitosports.com.ar\/index.php\/wp-json\/wp\/v2\/types\/post"}],"author":[{"embeddable":true,"href":"https:\/\/chilecitosports.com.ar\/index.php\/wp-json\/wp\/v2\/users\/2"}],"replies":[{"embeddable":true,"href":"https:\/\/chilecitosports.com.ar\/index.php\/wp-json\/wp\/v2\/comments?post=14926"}],"version-history":[{"count":12,"href":"https:\/\/chilecitosports.com.ar\/index.php\/wp-json\/wp\/v2\/posts\/14926\/revisions"}],"predecessor-version":[{"id":15213,"href":"https:\/\/chilecitosports.com.ar\/index.php\/wp-json\/wp\/v2\/posts\/14926\/revisions\/15213"}],"wp:featuredmedia":[{"embeddable":true,"href":"https:\/\/chilecitosports.com.ar\/index.php\/wp-json\/wp\/v2\/media\/14927"}],"wp:attachment":[{"href":"https:\/\/chilecitosports.com.ar\/index.php\/wp-json\/wp\/v2\/media?parent=14926"}],"wp:term":[{"taxonomy":"category","embeddable":true,"href":"https:\/\/chilecitosports.com.ar\/index.php\/wp-json\/wp\/v2\/categories?post=14926"},{"taxonomy":"post_tag","embeddable":true,"href":"https:\/\/chilecitosports.com.ar\/index.php\/wp-json\/wp\/v2\/tags?post=14926"}],"curies":[{"name":"wp","href":"https:\/\/api.w.org\/{rel}","templated":true}]}}