{"id":14494,"date":"2025-12-09T02:57:01","date_gmt":"2025-12-09T02:57:01","guid":{"rendered":"https:\/\/chilecitosports.com.ar\/?p=14494"},"modified":"2025-12-09T12:56:09","modified_gmt":"2025-12-09T12:56:09","slug":"futbol-torneo-federal-los-andes-eliminado-al-perder-con-defensores-de-la-boca","status":"publish","type":"post","link":"https:\/\/chilecitosports.com.ar\/index.php\/2025\/12\/09\/futbol-torneo-federal-los-andes-eliminado-al-perder-con-defensores-de-la-boca\/","title":{"rendered":"F\u00daTBOL \u2013 TORNEO FEDERAL: LOS ANDES ELIMINADO AL PERDER CON DEFENSORES DE LA BOCA"},"content":{"rendered":"<p style=\"text-align: justify;\">Los capitalinos de local ganaron 1 a 0 este lunes en la revancha de la primera fase.<!--more--><\/p>\n<p style=\"text-align: justify;\">En el estadio de Vargas estes lunes se jug\u00f3 la revaancha entre Defensores de la Boca y Los Andes, donde el local se impuso por la m\u00ednima diferencia con gol del capit\u00e1n David Alcaraz en el segundo tiempo.<\/p>\n<p style=\"text-align: justify;\">De esta manera Defensores gan\u00f3 2-1 la serie, y accede la siguiente fase, donde va a enfrentar a Uni\u00f3n de Santiago del Estero, la ida de visitante el elenco riojano, y define de local en este Torneo Federal Amateurs 2025\/26.<\/p>\n<p style=\"text-align: justify;\">Los Andes, al igual que el a\u00f1o pasado, accede de la\u00a0 fase clasificaci\u00f3n y queda eliminado en primera fase de estos federales.<\/p>\n","protected":false},"excerpt":{"rendered":"<p>Los capitalinos de local ganaron 1 a 0 este lunes en la revancha de la primera fase.<\/p>\n","protected":false},"author":2,"featured_media":14503,"comment_status":"open","ping_status":"open","sticky":false,"template":"","format":"standard","meta":{"footnotes":""},"categories":[1],"tags":[],"class_list":["post-14494","post","type-post","status-publish","format-standard","has-post-thumbnail","hentry","category-nacionales"],"_links":{"self":[{"href":"https:\/\/chilecitosports.com.ar\/index.php\/wp-json\/wp\/v2\/posts\/14494","targetHints":{"allow":["GET"]}}],"collection":[{"href":"https:\/\/chilecitosports.com.ar\/index.php\/wp-json\/wp\/v2\/posts"}],"about":[{"href":"https:\/\/chilecitosports.com.ar\/index.php\/wp-json\/wp\/v2\/types\/post"}],"author":[{"embeddable":true,"href":"https:\/\/chilecitosports.com.ar\/index.php\/wp-json\/wp\/v2\/users\/2"}],"replies":[{"embeddable":true,"href":"https:\/\/chilecitosports.com.ar\/index.php\/wp-json\/wp\/v2\/comments?post=14494"}],"version-history":[{"count":1,"href":"https:\/\/chilecitosports.com.ar\/index.php\/wp-json\/wp\/v2\/posts\/14494\/revisions"}],"predecessor-version":[{"id":14496,"href":"https:\/\/chilecitosports.com.ar\/index.php\/wp-json\/wp\/v2\/posts\/14494\/revisions\/14496"}],"wp:featuredmedia":[{"embeddable":true,"href":"https:\/\/chilecitosports.com.ar\/index.php\/wp-json\/wp\/v2\/media\/14503"}],"wp:attachment":[{"href":"https:\/\/chilecitosports.com.ar\/index.php\/wp-json\/wp\/v2\/media?parent=14494"}],"wp:term":[{"taxonomy":"category","embeddable":true,"href":"https:\/\/chilecitosports.com.ar\/index.php\/wp-json\/wp\/v2\/categories?post=14494"},{"taxonomy":"post_tag","embeddable":true,"href":"https:\/\/chilecitosports.com.ar\/index.php\/wp-json\/wp\/v2\/tags?post=14494"}],"curies":[{"name":"wp","href":"https:\/\/api.w.org\/{rel}","templated":true}]}}