{"id":14424,"date":"2025-12-10T01:55:23","date_gmt":"2025-12-10T01:55:23","guid":{"rendered":"https:\/\/chilecitosports.com.ar\/?p=14424"},"modified":"2025-12-10T17:09:19","modified_gmt":"2025-12-10T17:09:19","slug":"futbol-anuncian-el-porvincial-de-clubes-para-el-8-de-febrero-2026","status":"publish","type":"post","link":"https:\/\/chilecitosports.com.ar\/index.php\/2025\/12\/10\/futbol-anuncian-el-porvincial-de-clubes-para-el-8-de-febrero-2026\/","title":{"rendered":"F\u00daTBOL: ANUNCIAN EL PROVINCIAL DE CLUBES PARA EL 8 DE FEBRERO 2026"},"content":{"rendered":"<p style=\"text-align: justify;\">Se jugar\u00e1 con equipos de toda la provincia, que al campe\u00f3n le da plaza para el Federal Amateurs del a\u00f1o que viene.<!--more--><\/p>\n<p style=\"text-align: justify;\">La fecha qued\u00f3 determinada en la \u00faltima reuni\u00f3n de presidentes de Ligas filiadas a la Federaci\u00f3n Riojana de F\u00fatbol.<\/p>\n<p style=\"text-align: justify;\">A\u00fan no se conoci\u00f3 el formato de la competencia. Las ligas federadas deber\u00e1n confirmar sus representantes.<\/p>\n<p style=\"text-align: justify;\">La competencia otorgar\u00e1 una plaza al pr\u00f3ximo Torneo Regional Federal Amateur 26\/27.<\/p>\n","protected":false},"excerpt":{"rendered":"<p>Se jugar\u00e1 con equipos de toda la provincia, que al campe\u00f3n le da plaza para el Federal Amateurs del a\u00f1o&hellip;<\/p>\n","protected":false},"author":2,"featured_media":14425,"comment_status":"open","ping_status":"open","sticky":false,"template":"","format":"standard","meta":{"footnotes":""},"categories":[7],"tags":[],"class_list":["post-14424","post","type-post","status-publish","format-standard","has-post-thumbnail","hentry","category-provinciales"],"_links":{"self":[{"href":"https:\/\/chilecitosports.com.ar\/index.php\/wp-json\/wp\/v2\/posts\/14424","targetHints":{"allow":["GET"]}}],"collection":[{"href":"https:\/\/chilecitosports.com.ar\/index.php\/wp-json\/wp\/v2\/posts"}],"about":[{"href":"https:\/\/chilecitosports.com.ar\/index.php\/wp-json\/wp\/v2\/types\/post"}],"author":[{"embeddable":true,"href":"https:\/\/chilecitosports.com.ar\/index.php\/wp-json\/wp\/v2\/users\/2"}],"replies":[{"embeddable":true,"href":"https:\/\/chilecitosports.com.ar\/index.php\/wp-json\/wp\/v2\/comments?post=14424"}],"version-history":[{"count":2,"href":"https:\/\/chilecitosports.com.ar\/index.php\/wp-json\/wp\/v2\/posts\/14424\/revisions"}],"predecessor-version":[{"id":14430,"href":"https:\/\/chilecitosports.com.ar\/index.php\/wp-json\/wp\/v2\/posts\/14424\/revisions\/14430"}],"wp:featuredmedia":[{"embeddable":true,"href":"https:\/\/chilecitosports.com.ar\/index.php\/wp-json\/wp\/v2\/media\/14425"}],"wp:attachment":[{"href":"https:\/\/chilecitosports.com.ar\/index.php\/wp-json\/wp\/v2\/media?parent=14424"}],"wp:term":[{"taxonomy":"category","embeddable":true,"href":"https:\/\/chilecitosports.com.ar\/index.php\/wp-json\/wp\/v2\/categories?post=14424"},{"taxonomy":"post_tag","embeddable":true,"href":"https:\/\/chilecitosports.com.ar\/index.php\/wp-json\/wp\/v2\/tags?post=14424"}],"curies":[{"name":"wp","href":"https:\/\/api.w.org\/{rel}","templated":true}]}}