{"id":14413,"date":"2025-12-04T02:24:00","date_gmt":"2025-12-04T02:24:00","guid":{"rendered":"https:\/\/chilecitosports.com.ar\/?p=14413"},"modified":"2025-12-04T15:19:43","modified_gmt":"2025-12-04T15:19:43","slug":"basquet-femenino-german-cucha-vega-dejo-la-fusion-riojana","status":"publish","type":"post","link":"https:\/\/chilecitosports.com.ar\/index.php\/2025\/12\/04\/basquet-femenino-german-cucha-vega-dejo-la-fusion-riojana\/","title":{"rendered":"B\u00c1SQUET FEMENINO: GERM\u00c1N \u201cCUCHA\u201d VEGA DEJ\u00d3 LA FUSI\u00d3N RIOJANA"},"content":{"rendered":"<p style=\"text-align: justify;\">El chilecite\u00f1o no seguir\u00e1 al frente del equipo femenino que jug\u00f3 en la\u00a0 Liga Nacional Femenina.<!--more--><\/p>\n<p style=\"text-align: justify;\">Fusi\u00f3n Riojana confirm\u00f3 la desvinculaci\u00f3n de Germ\u00e1n Vega como entrenador principal del equipo de la Liga Femenina de B\u00e1squet, marcando el fin de un ciclo clave en el crecimiento del proyecto femenino de la instituci\u00f3n a nivel nacional.<\/p>\n<p style=\"text-align: justify;\">Bajo su direcci\u00f3n t\u00e9cnica, el equipo concluy\u00f3 la fase regular 2025\/26 con un balance de 3 victorias y 13 derrotas, manteniendo la presencia del club en la m\u00e1xima categor\u00eda del b\u00e1squet argentino.<\/p>\n<p style=\"text-align: justify;\">M\u00e1s all\u00e1 de las estad\u00edsticas (promediaron 53.9 puntos a favor y 71.2 en contra), la gesti\u00f3n de Vega se centr\u00f3 en la consolidaci\u00f3n, la formaci\u00f3n, y el desarrollo de las jugadoras riojanas j\u00f3venes, cumpliendo con el objetivo institucional de fortalecer la identidad provincial en el \u00e1mbito profesional. La instituci\u00f3n agradeci\u00f3 al entrenador por su compromiso y profesionalismo.<\/p>\n","protected":false},"excerpt":{"rendered":"<p>El chilecite\u00f1o no seguir\u00e1 al frente del equipo femenino que jug\u00f3 en la\u00a0 Liga Nacional Femenina.<\/p>\n","protected":false},"author":2,"featured_media":14414,"comment_status":"open","ping_status":"open","sticky":false,"template":"","format":"standard","meta":{"footnotes":""},"categories":[1],"tags":[],"class_list":["post-14413","post","type-post","status-publish","format-standard","has-post-thumbnail","hentry","category-nacionales"],"_links":{"self":[{"href":"https:\/\/chilecitosports.com.ar\/index.php\/wp-json\/wp\/v2\/posts\/14413","targetHints":{"allow":["GET"]}}],"collection":[{"href":"https:\/\/chilecitosports.com.ar\/index.php\/wp-json\/wp\/v2\/posts"}],"about":[{"href":"https:\/\/chilecitosports.com.ar\/index.php\/wp-json\/wp\/v2\/types\/post"}],"author":[{"embeddable":true,"href":"https:\/\/chilecitosports.com.ar\/index.php\/wp-json\/wp\/v2\/users\/2"}],"replies":[{"embeddable":true,"href":"https:\/\/chilecitosports.com.ar\/index.php\/wp-json\/wp\/v2\/comments?post=14413"}],"version-history":[{"count":2,"href":"https:\/\/chilecitosports.com.ar\/index.php\/wp-json\/wp\/v2\/posts\/14413\/revisions"}],"predecessor-version":[{"id":14416,"href":"https:\/\/chilecitosports.com.ar\/index.php\/wp-json\/wp\/v2\/posts\/14413\/revisions\/14416"}],"wp:featuredmedia":[{"embeddable":true,"href":"https:\/\/chilecitosports.com.ar\/index.php\/wp-json\/wp\/v2\/media\/14414"}],"wp:attachment":[{"href":"https:\/\/chilecitosports.com.ar\/index.php\/wp-json\/wp\/v2\/media?parent=14413"}],"wp:term":[{"taxonomy":"category","embeddable":true,"href":"https:\/\/chilecitosports.com.ar\/index.php\/wp-json\/wp\/v2\/categories?post=14413"},{"taxonomy":"post_tag","embeddable":true,"href":"https:\/\/chilecitosports.com.ar\/index.php\/wp-json\/wp\/v2\/tags?post=14413"}],"curies":[{"name":"wp","href":"https:\/\/api.w.org\/{rel}","templated":true}]}}