{"id":14391,"date":"2025-12-03T00:24:45","date_gmt":"2025-12-03T00:24:45","guid":{"rendered":"https:\/\/chilecitosports.com.ar\/?p=14391"},"modified":"2025-12-04T02:52:41","modified_gmt":"2025-12-04T02:52:41","slug":"w-125-de-quito-jazz-ortenzi-eliminada-en-primera-ronda","status":"publish","type":"post","link":"https:\/\/chilecitosports.com.ar\/index.php\/2025\/12\/03\/w-125-de-quito-jazz-ortenzi-eliminada-en-primera-ronda\/","title":{"rendered":"W 125 DE QUITO: JAZZ ORTENZI ELIMINADA \u00a0EN PRIMERA RONDA"},"content":{"rendered":"<p style=\"text-align: justify;\">Ortenzi cay\u00f3 este martes ante la checa Laura Samson por 3-6, 6-4 y 6-1.<!--more--><\/p>\n<p style=\"text-align: justify;\">La tenista chilecite\u00f1a cay\u00f3 en el debut ante la checa Samson y se despidi\u00f3 en la primera ronda del certamen que se juega sobre canchas de polvo de ladrillo en la ciudad ecuatoriana. La cordobesa Giovannini tiene rival para los octavos de final.<\/p>\n<p style=\"text-align: justify;\">Jazm\u00edn Ortenzi qued\u00f3 eliminada en la ronda inicial del WTA 125 de Quito, en Ecuador, al perder este martes en el match de presentaci\u00f3n ante la checa Laura Samson por 3-6, 6-4 y 6-1.<\/p>\n<p style=\"text-align: justify;\">Jazm\u00edn Ortenzi, oriunda de la ciudad riojana de Chilecito y situada en el lugar 224 del ranking mundial de la ATP, tuvo un buen comienzo y se qued\u00f3 con el primer parcial, para decaer en su juego en el segundo y tercer set, dominados y ganados por la checa Laura Samson (215), quien consum\u00f3 la victoria tras 1 hora y 59 minutos totales de contienda.<\/p>\n","protected":false},"excerpt":{"rendered":"<p>Ortenzi cay\u00f3 este martes ante la checa Laura Samson por 3-6, 6-4 y 6-1.<\/p>\n","protected":false},"author":2,"featured_media":14392,"comment_status":"open","ping_status":"open","sticky":false,"template":"","format":"standard","meta":{"footnotes":""},"categories":[6],"tags":[],"class_list":["post-14391","post","type-post","status-publish","format-standard","has-post-thumbnail","hentry","category-internacionales"],"_links":{"self":[{"href":"https:\/\/chilecitosports.com.ar\/index.php\/wp-json\/wp\/v2\/posts\/14391","targetHints":{"allow":["GET"]}}],"collection":[{"href":"https:\/\/chilecitosports.com.ar\/index.php\/wp-json\/wp\/v2\/posts"}],"about":[{"href":"https:\/\/chilecitosports.com.ar\/index.php\/wp-json\/wp\/v2\/types\/post"}],"author":[{"embeddable":true,"href":"https:\/\/chilecitosports.com.ar\/index.php\/wp-json\/wp\/v2\/users\/2"}],"replies":[{"embeddable":true,"href":"https:\/\/chilecitosports.com.ar\/index.php\/wp-json\/wp\/v2\/comments?post=14391"}],"version-history":[{"count":1,"href":"https:\/\/chilecitosports.com.ar\/index.php\/wp-json\/wp\/v2\/posts\/14391\/revisions"}],"predecessor-version":[{"id":14393,"href":"https:\/\/chilecitosports.com.ar\/index.php\/wp-json\/wp\/v2\/posts\/14391\/revisions\/14393"}],"wp:featuredmedia":[{"embeddable":true,"href":"https:\/\/chilecitosports.com.ar\/index.php\/wp-json\/wp\/v2\/media\/14392"}],"wp:attachment":[{"href":"https:\/\/chilecitosports.com.ar\/index.php\/wp-json\/wp\/v2\/media?parent=14391"}],"wp:term":[{"taxonomy":"category","embeddable":true,"href":"https:\/\/chilecitosports.com.ar\/index.php\/wp-json\/wp\/v2\/categories?post=14391"},{"taxonomy":"post_tag","embeddable":true,"href":"https:\/\/chilecitosports.com.ar\/index.php\/wp-json\/wp\/v2\/tags?post=14391"}],"curies":[{"name":"wp","href":"https:\/\/api.w.org\/{rel}","templated":true}]}}