{"id":14320,"date":"2025-11-30T00:48:45","date_gmt":"2025-11-30T00:48:45","guid":{"rendered":"https:\/\/chilecitosports.com.ar\/?p=14320"},"modified":"2025-12-02T15:40:14","modified_gmt":"2025-12-02T15:40:14","slug":"futbol-torneo-federal-la-lluvia-y-la-piedra-suspendieron-los-andes-defe-de-la-boca-al-cabo-del-primer-tiempo","status":"publish","type":"post","link":"https:\/\/chilecitosports.com.ar\/index.php\/2025\/11\/30\/futbol-torneo-federal-la-lluvia-y-la-piedra-suspendieron-los-andes-defe-de-la-boca-al-cabo-del-primer-tiempo\/","title":{"rendered":"F\u00daTBOL \u2013 TORNEO FEDERAL: LA LLUVIA Y LA PIEDRA, \u201cSUSPENDIERON\u201d LOS ANDES \u2013 DEFE DE LA BOCA AL CABO DEL PRIMER TIEMPO"},"content":{"rendered":"<p style=\"text-align: justify;\">Estaban igualando 1 a 1 en la primera etapa. Este domingo se define cuando se completan los restantes 45 minutos.<!--more--><\/p>\n<p style=\"text-align: justify;\">El juego de ida de la segunda fase estaba 1 a 1 al cabo del primer tiempo en Los Sarmientos este s\u00e1bado por la noche, pero la lluvia y pedrea repentina\u00a0 ca\u00edda en gran \u00a0parte del departamanto, determin\u00f3 la suspensi\u00f3n del partido, incluido tambien el corte de luz en la cancha por mas de media hora.<\/p>\n<p style=\"text-align: justify;\">Goles que hab\u00edan anotado Claudio Nu\u00f1ez para Los Andes a los 8 minutos, y el empate para Defensores de la Boca a los 22 minutos por intermedio de Fabio Andrada de un tiro libre.<\/p>\n<p style=\"text-align: justify;\">El \u00e1rbitro Daniel Mercado constat\u00f3 que la cancha no estaba en condiciones para seguir jugando, se suspendi\u00f3 el partido, ahora se analiza cuando jugar los restantes 45 minutos de este cotejo de ida.<\/p>\n","protected":false},"excerpt":{"rendered":"<p>Estaban igualando 1 a 1 en la primera etapa. Este domingo se define cuando se completan los restantes 45 minutos.<\/p>\n","protected":false},"author":2,"featured_media":14321,"comment_status":"open","ping_status":"open","sticky":false,"template":"","format":"standard","meta":{"footnotes":""},"categories":[1],"tags":[],"class_list":["post-14320","post","type-post","status-publish","format-standard","has-post-thumbnail","hentry","category-nacionales"],"_links":{"self":[{"href":"https:\/\/chilecitosports.com.ar\/index.php\/wp-json\/wp\/v2\/posts\/14320","targetHints":{"allow":["GET"]}}],"collection":[{"href":"https:\/\/chilecitosports.com.ar\/index.php\/wp-json\/wp\/v2\/posts"}],"about":[{"href":"https:\/\/chilecitosports.com.ar\/index.php\/wp-json\/wp\/v2\/types\/post"}],"author":[{"embeddable":true,"href":"https:\/\/chilecitosports.com.ar\/index.php\/wp-json\/wp\/v2\/users\/2"}],"replies":[{"embeddable":true,"href":"https:\/\/chilecitosports.com.ar\/index.php\/wp-json\/wp\/v2\/comments?post=14320"}],"version-history":[{"count":1,"href":"https:\/\/chilecitosports.com.ar\/index.php\/wp-json\/wp\/v2\/posts\/14320\/revisions"}],"predecessor-version":[{"id":14322,"href":"https:\/\/chilecitosports.com.ar\/index.php\/wp-json\/wp\/v2\/posts\/14320\/revisions\/14322"}],"wp:featuredmedia":[{"embeddable":true,"href":"https:\/\/chilecitosports.com.ar\/index.php\/wp-json\/wp\/v2\/media\/14321"}],"wp:attachment":[{"href":"https:\/\/chilecitosports.com.ar\/index.php\/wp-json\/wp\/v2\/media?parent=14320"}],"wp:term":[{"taxonomy":"category","embeddable":true,"href":"https:\/\/chilecitosports.com.ar\/index.php\/wp-json\/wp\/v2\/categories?post=14320"},{"taxonomy":"post_tag","embeddable":true,"href":"https:\/\/chilecitosports.com.ar\/index.php\/wp-json\/wp\/v2\/tags?post=14320"}],"curies":[{"name":"wp","href":"https:\/\/api.w.org\/{rel}","templated":true}]}}