{"id":14268,"date":"2025-11-28T01:52:40","date_gmt":"2025-11-28T01:52:40","guid":{"rendered":"https:\/\/chilecitosports.com.ar\/?p=14268"},"modified":"2025-11-28T01:52:40","modified_gmt":"2025-11-28T01:52:40","slug":"afa-dura-sancion-a-estudiantes-por-el-pasillo-de-espaldas-a-rosario-central","status":"publish","type":"post","link":"https:\/\/chilecitosports.com.ar\/index.php\/2025\/11\/28\/afa-dura-sancion-a-estudiantes-por-el-pasillo-de-espaldas-a-rosario-central\/","title":{"rendered":"AFA: DURA SANCI\u00d3N A ESTUDIANTES POR EL PASILLO DE ESPALDAS A ROSARIO CENTRAL"},"content":{"rendered":"<p style=\"text-align: justify;\">Los jugadores y el presidente Juan Sebasti\u00e1n Ver\u00f3n recibieron penas a cumplir por el Tribunal de Disciplina.<!--more--><\/p>\n<p style=\"text-align: justify;\">Ver\u00f3n quedar\u00e1 suspendido como mandam\u00e1s del club por seis meses y para toda actividad relacionada con el f\u00fatbol.<\/p>\n<p style=\"text-align: justify;\">Los 11 titulares deber\u00e1n cumplir dos fechas de suspensi\u00f3n en el pr\u00f3ximo Torneo, que ser\u00eda en 2026. Quedaron habilitados para jugar el Clausura.<\/p>\n<p style=\"text-align: justify;\">\n<p style=\"text-align: justify;\"><em><strong>La AFA emiti\u00f3 un bolet\u00edn en el que dispuso las siguientes medidas las siguientes medidas:<\/strong><\/em><\/p>\n<p style=\"text-align: justify;\">&#8220;SANCIONAR al presidente del Club Juan Sebasti\u00e1n Ver\u00f3n con una suspensi\u00f3n<\/p>\n<p style=\"text-align: justify;\">de SEIS (6) meses para toda actividad relacionada con el f\u00fatbol, por infracci\u00f3n al art.<\/p>\n<p style=\"text-align: justify;\">12 del C\u00f3digo Disciplinario&#8221;.<\/p>\n<p style=\"text-align: justify;\">&#8220;SANCIONAR con DOS (2) FECHAS DE SUSPENSI\u00d3N a los jugadores del Club<\/p>\n<p style=\"text-align: justify;\">Estudiantes de La Plata que participaron del pasillo de homenaje y adoptaron la<\/p>\n<p style=\"text-align: justify;\">conducta reprochada, individualizados en las presentes actuaciones&#8230;&#8221;.<\/p>\n<p style=\"text-align: justify;\">&#8220;DISPONER que las suspensiones impuestas en el punto 2\u00ba se computar\u00e1n en el<\/p>\n<p style=\"text-align: justify;\">PR\u00d3XIMO torneo oficial en el que el Club Estudiantes de La Plata intervenga con su<\/p>\n<p style=\"text-align: justify;\">plantel profesional masculino, debiendo cumplirse sobre la base de partidos<\/p>\n<p style=\"text-align: justify;\">efectivamente disputados por el equipo, y de modo tal que la sanci\u00f3n resulte<\/p>\n<p style=\"text-align: justify;\">proporcionada y no afecte la integridad de la competici\u00f3n en curso&#8221;.<\/p>\n<p style=\"text-align: justify;\">&#8220;IMPONER al jugador N\u00ba 6 N\u00da\u00d1EZ SANTIAGO MISAEL, capit\u00e1n del primer<\/p>\n<p style=\"text-align: justify;\">equipo del Club Estudiantes de La Plata, adem\u00e1s de la sanci\u00f3n establecida en el<\/p>\n<p style=\"text-align: justify;\">punto anterior, la PROHIBICI\u00d3N DE EJERCER LA FUNCI\u00d3N DE CAPIT\u00c1N de<\/p>\n<p style=\"text-align: justify;\">cualquier equipo oficial del citado club por el t\u00e9rmino de TRES (3) MESES, como<\/p>\n<p style=\"text-align: justify;\">medida accesoria fundada en su especial condici\u00f3n de liderazgo y en las facultades<\/p>\n<p style=\"text-align: justify;\">disciplinarias de este Tribunal&#8221;.<\/p>\n<p style=\"text-align: justify;\">&#8220;SANCIONAR al CLUB ESTUDIANTES DE LA PLATA con multa de CUATRO MIL<\/p>\n<p style=\"text-align: justify;\">(4.000) v.e., por conducta ofensiva y violaci\u00f3n de los principios del juego limpio, al<\/p>\n<p style=\"text-align: justify;\">haberse desnaturalizado el pasillo de homenaje al campe\u00f3n mediante gestos<\/p>\n<p style=\"text-align: justify;\">colectivos de desprecio, en los t\u00e9rminos del art. 12 del C\u00f3digo Disciplinario&#8221;.<\/p>\n<p style=\"text-align: justify;\">&#8220;DISPONER la continuaci\u00f3n de las presentes actuaciones respecto de los<\/p>\n<p style=\"text-align: justify;\">restantes miembros de la Comisi\u00f3n Directiva del Club Estudiantes de La Plata, a fin<\/p>\n<p style=\"text-align: justify;\">de determinar, en su caso, las responsabilidades disciplinarias que pudieran<\/p>\n<p style=\"text-align: justify;\">corresponderles en relaci\u00f3n con los hechos investigados&#8221;.<\/p>\n","protected":false},"excerpt":{"rendered":"<p>Los jugadores y el presidente Juan Sebasti\u00e1n Ver\u00f3n recibieron penas a cumplir por el Tribunal de Disciplina.<\/p>\n","protected":false},"author":2,"featured_media":14269,"comment_status":"open","ping_status":"open","sticky":false,"template":"","format":"standard","meta":{"footnotes":""},"categories":[1],"tags":[],"class_list":["post-14268","post","type-post","status-publish","format-standard","has-post-thumbnail","hentry","category-nacionales"],"_links":{"self":[{"href":"https:\/\/chilecitosports.com.ar\/index.php\/wp-json\/wp\/v2\/posts\/14268","targetHints":{"allow":["GET"]}}],"collection":[{"href":"https:\/\/chilecitosports.com.ar\/index.php\/wp-json\/wp\/v2\/posts"}],"about":[{"href":"https:\/\/chilecitosports.com.ar\/index.php\/wp-json\/wp\/v2\/types\/post"}],"author":[{"embeddable":true,"href":"https:\/\/chilecitosports.com.ar\/index.php\/wp-json\/wp\/v2\/users\/2"}],"replies":[{"embeddable":true,"href":"https:\/\/chilecitosports.com.ar\/index.php\/wp-json\/wp\/v2\/comments?post=14268"}],"version-history":[{"count":1,"href":"https:\/\/chilecitosports.com.ar\/index.php\/wp-json\/wp\/v2\/posts\/14268\/revisions"}],"predecessor-version":[{"id":14270,"href":"https:\/\/chilecitosports.com.ar\/index.php\/wp-json\/wp\/v2\/posts\/14268\/revisions\/14270"}],"wp:featuredmedia":[{"embeddable":true,"href":"https:\/\/chilecitosports.com.ar\/index.php\/wp-json\/wp\/v2\/media\/14269"}],"wp:attachment":[{"href":"https:\/\/chilecitosports.com.ar\/index.php\/wp-json\/wp\/v2\/media?parent=14268"}],"wp:term":[{"taxonomy":"category","embeddable":true,"href":"https:\/\/chilecitosports.com.ar\/index.php\/wp-json\/wp\/v2\/categories?post=14268"},{"taxonomy":"post_tag","embeddable":true,"href":"https:\/\/chilecitosports.com.ar\/index.php\/wp-json\/wp\/v2\/tags?post=14268"}],"curies":[{"name":"wp","href":"https:\/\/api.w.org\/{rel}","templated":true}]}}