{"id":14253,"date":"2025-11-27T01:17:36","date_gmt":"2025-11-27T01:17:36","guid":{"rendered":"https:\/\/chilecitosports.com.ar\/?p=14253"},"modified":"2025-11-27T17:42:03","modified_gmt":"2025-11-27T17:42:03","slug":"la-liga-sanogastena-de-futbol-comenzo-a-organizar-el-campeonato","status":"publish","type":"post","link":"https:\/\/chilecitosports.com.ar\/index.php\/2025\/11\/27\/la-liga-sanogastena-de-futbol-comenzo-a-organizar-el-campeonato\/","title":{"rendered":"LA LIGA SA\u00d1OGASTE\u00d1A DE F\u00daTBOL COMENZ\u00d3 A ORGANIZAR EL CAMPEONATO"},"content":{"rendered":"<p style=\"text-align: justify;\">Ya se concret\u00f3 la primera reuni\u00f3n de los dirigentes de la Liga Sa\u00f1ogaste\u00f1a de F\u00fatbol con los delegados de los clubes, con motivo de organizar el campeonato de verano.<\/p>\n<p style=\"text-align: justify;\">Estuvieron presentes algunos representantes de clubes, donde determinaron un fecha estimativa de inicio de torneo para el fin de semana del 12 al 14 de diciembre, en categor\u00edas Primera, Reserva, Sub.15, Femenino y F\u00fatbol Infantil.<\/p>\n","protected":false},"excerpt":{"rendered":"<p>Ya se concret\u00f3 la primera reuni\u00f3n de los dirigentes de la Liga Sa\u00f1ogaste\u00f1a de F\u00fatbol con los delegados de los&hellip;<\/p>\n","protected":false},"author":2,"featured_media":14259,"comment_status":"open","ping_status":"open","sticky":false,"template":"","format":"standard","meta":{"footnotes":""},"categories":[3],"tags":[],"class_list":["post-14253","post","type-post","status-publish","format-standard","has-post-thumbnail","hentry","category-locales"],"_links":{"self":[{"href":"https:\/\/chilecitosports.com.ar\/index.php\/wp-json\/wp\/v2\/posts\/14253","targetHints":{"allow":["GET"]}}],"collection":[{"href":"https:\/\/chilecitosports.com.ar\/index.php\/wp-json\/wp\/v2\/posts"}],"about":[{"href":"https:\/\/chilecitosports.com.ar\/index.php\/wp-json\/wp\/v2\/types\/post"}],"author":[{"embeddable":true,"href":"https:\/\/chilecitosports.com.ar\/index.php\/wp-json\/wp\/v2\/users\/2"}],"replies":[{"embeddable":true,"href":"https:\/\/chilecitosports.com.ar\/index.php\/wp-json\/wp\/v2\/comments?post=14253"}],"version-history":[{"count":1,"href":"https:\/\/chilecitosports.com.ar\/index.php\/wp-json\/wp\/v2\/posts\/14253\/revisions"}],"predecessor-version":[{"id":14255,"href":"https:\/\/chilecitosports.com.ar\/index.php\/wp-json\/wp\/v2\/posts\/14253\/revisions\/14255"}],"wp:featuredmedia":[{"embeddable":true,"href":"https:\/\/chilecitosports.com.ar\/index.php\/wp-json\/wp\/v2\/media\/14259"}],"wp:attachment":[{"href":"https:\/\/chilecitosports.com.ar\/index.php\/wp-json\/wp\/v2\/media?parent=14253"}],"wp:term":[{"taxonomy":"category","embeddable":true,"href":"https:\/\/chilecitosports.com.ar\/index.php\/wp-json\/wp\/v2\/categories?post=14253"},{"taxonomy":"post_tag","embeddable":true,"href":"https:\/\/chilecitosports.com.ar\/index.php\/wp-json\/wp\/v2\/tags?post=14253"}],"curies":[{"name":"wp","href":"https:\/\/api.w.org\/{rel}","templated":true}]}}