{"id":14233,"date":"2025-11-30T02:20:05","date_gmt":"2025-11-30T02:20:05","guid":{"rendered":"https:\/\/chilecitosports.com.ar\/?p=14233"},"modified":"2025-11-30T11:29:51","modified_gmt":"2025-11-30T11:29:51","slug":"padel-alicia-luna-fue-destacada-en-el-anual-master-de-la-rioja","status":"publish","type":"post","link":"https:\/\/chilecitosports.com.ar\/index.php\/2025\/11\/30\/padel-alicia-luna-fue-destacada-en-el-anual-master-de-la-rioja\/","title":{"rendered":"PADEL: ALIC\u00cdA LUNA FUE DESTACADA EN EL ANUAL M\u00c1STER DE LA RIOJA"},"content":{"rendered":"<p>La chilecite\u00f1a tuvo una buena temporada en un certamen para masculinos.<!--more--><\/p>\n<p>El fin de semana pasado cerr\u00f3 la temporada del padel m\u00e1ster de La Vieja Terminal de la \u00a0Capital de La Rioja, con la entrega de las distinciones a los destacados. Alicia Luna de destacada labor,fue tercera en su categor\u00eda, tuvo su reconocimiento llegando en varias ocasiones a semifinales y finales de fechas.<\/p>\n<p>La particularidad que la chilecite\u00f1a Alicia (Luna) ha sobresalido en un torneo de la rama masculina, siendo la \u00fanica mujer que compite con el sexo opuesto.<\/p>\n","protected":false},"excerpt":{"rendered":"<p>La chilecite\u00f1a tuvo una buena temporada en un certamen para masculinos.<\/p>\n","protected":false},"author":2,"featured_media":14236,"comment_status":"open","ping_status":"open","sticky":false,"template":"","format":"standard","meta":{"footnotes":""},"categories":[7],"tags":[],"class_list":["post-14233","post","type-post","status-publish","format-standard","has-post-thumbnail","hentry","category-provinciales"],"_links":{"self":[{"href":"https:\/\/chilecitosports.com.ar\/index.php\/wp-json\/wp\/v2\/posts\/14233","targetHints":{"allow":["GET"]}}],"collection":[{"href":"https:\/\/chilecitosports.com.ar\/index.php\/wp-json\/wp\/v2\/posts"}],"about":[{"href":"https:\/\/chilecitosports.com.ar\/index.php\/wp-json\/wp\/v2\/types\/post"}],"author":[{"embeddable":true,"href":"https:\/\/chilecitosports.com.ar\/index.php\/wp-json\/wp\/v2\/users\/2"}],"replies":[{"embeddable":true,"href":"https:\/\/chilecitosports.com.ar\/index.php\/wp-json\/wp\/v2\/comments?post=14233"}],"version-history":[{"count":1,"href":"https:\/\/chilecitosports.com.ar\/index.php\/wp-json\/wp\/v2\/posts\/14233\/revisions"}],"predecessor-version":[{"id":14237,"href":"https:\/\/chilecitosports.com.ar\/index.php\/wp-json\/wp\/v2\/posts\/14233\/revisions\/14237"}],"wp:featuredmedia":[{"embeddable":true,"href":"https:\/\/chilecitosports.com.ar\/index.php\/wp-json\/wp\/v2\/media\/14236"}],"wp:attachment":[{"href":"https:\/\/chilecitosports.com.ar\/index.php\/wp-json\/wp\/v2\/media?parent=14233"}],"wp:term":[{"taxonomy":"category","embeddable":true,"href":"https:\/\/chilecitosports.com.ar\/index.php\/wp-json\/wp\/v2\/categories?post=14233"},{"taxonomy":"post_tag","embeddable":true,"href":"https:\/\/chilecitosports.com.ar\/index.php\/wp-json\/wp\/v2\/tags?post=14233"}],"curies":[{"name":"wp","href":"https:\/\/api.w.org\/{rel}","templated":true}]}}