{"id":14230,"date":"2025-11-29T05:25:47","date_gmt":"2025-11-29T05:25:47","guid":{"rendered":"https:\/\/chilecitosports.com.ar\/?p=14230"},"modified":"2025-11-29T14:05:11","modified_gmt":"2025-11-29T14:05:11","slug":"futbol-torneo-federal-los-andes-recibe-el-sabado-a-defensores-de-la-boca","status":"publish","type":"post","link":"https:\/\/chilecitosports.com.ar\/index.php\/2025\/11\/29\/futbol-torneo-federal-los-andes-recibe-el-sabado-a-defensores-de-la-boca\/","title":{"rendered":"F\u00daTBOL \u2013 TORNEO FEDERAL: LOS ANDES RECIBE A DEFENSORES DE LA BOCA"},"content":{"rendered":"<p style=\"text-align: justify;\">Juego de ida de la segunda fase a jugarse este s\u00e1bado en Los Sarmientos.<!--more--><\/p>\n<p style=\"text-align: justify;\">En la noche de este s\u00e1bado, Los Andes recibe a Defensores de la Boca de La Rioja, cotejo de ida \u00a0de segunda fase del Torneo Federal Amateurs 2025, a disputarse\u00a0 desde\u00a0 las 21.30 horas en la localidad de Los Sarmientos, \u00fanicamente con p\u00fablico local.<\/p>\n<p style=\"text-align: justify;\">La programaci\u00f3n para el fin de semana en el Torneo Regional Federal Amateur 2025\/26, donde en el caso de los cuatro clubes riojanos que siguen en competencia, disputar\u00e1n los partidos de ida en la segunda fase de la Regi\u00f3n Centro.<\/p>\n<p style=\"text-align: justify;\">Los dos encuentros, donde los clubes de la provincia se enfrentar\u00e1n entre s\u00ed, se disputar\u00e1n en la jornada de este s\u00e1bado.<\/p>\n<p style=\"text-align: justify;\">A partir de las 19.30 y en las instalaciones del Polideportivo 20 de Agosto, Andino Sport Club recibir\u00e1 a Juventud Independiente de Villa Uni\u00f3n, en el duelo que ser\u00e1 arbitrado por Luis Quinteros, quien tendr\u00e1 como asistentes a Ismael Ruarte y a Hern\u00e1n Vargas, todos de la Liga de los Llanos.<\/p>\n<p style=\"text-align: justify;\">El mismo d\u00eda, pero a partir de las 21.30 y en la localidad chilecite\u00f1a de Los Sarmientos, Los Andes ser\u00e1 local ante Defensores de la Boca. El compromiso contar\u00e1 con el arbitraje de Daniel Mercado, que en la ocasi\u00f3n estar\u00e1 asistido por \u00c1ngel Oviedo y \u00c1ngel Asiar, todos de la Liga de F\u00fatbol del Oeste Riojano.<\/p>\n","protected":false},"excerpt":{"rendered":"<p>Juego de ida de la segunda fase a jugarse este s\u00e1bado en Los Sarmientos.<\/p>\n","protected":false},"author":2,"featured_media":14293,"comment_status":"open","ping_status":"open","sticky":false,"template":"","format":"standard","meta":{"footnotes":""},"categories":[7],"tags":[],"class_list":["post-14230","post","type-post","status-publish","format-standard","has-post-thumbnail","hentry","category-provinciales"],"_links":{"self":[{"href":"https:\/\/chilecitosports.com.ar\/index.php\/wp-json\/wp\/v2\/posts\/14230","targetHints":{"allow":["GET"]}}],"collection":[{"href":"https:\/\/chilecitosports.com.ar\/index.php\/wp-json\/wp\/v2\/posts"}],"about":[{"href":"https:\/\/chilecitosports.com.ar\/index.php\/wp-json\/wp\/v2\/types\/post"}],"author":[{"embeddable":true,"href":"https:\/\/chilecitosports.com.ar\/index.php\/wp-json\/wp\/v2\/users\/2"}],"replies":[{"embeddable":true,"href":"https:\/\/chilecitosports.com.ar\/index.php\/wp-json\/wp\/v2\/comments?post=14230"}],"version-history":[{"count":7,"href":"https:\/\/chilecitosports.com.ar\/index.php\/wp-json\/wp\/v2\/posts\/14230\/revisions"}],"predecessor-version":[{"id":14296,"href":"https:\/\/chilecitosports.com.ar\/index.php\/wp-json\/wp\/v2\/posts\/14230\/revisions\/14296"}],"wp:featuredmedia":[{"embeddable":true,"href":"https:\/\/chilecitosports.com.ar\/index.php\/wp-json\/wp\/v2\/media\/14293"}],"wp:attachment":[{"href":"https:\/\/chilecitosports.com.ar\/index.php\/wp-json\/wp\/v2\/media?parent=14230"}],"wp:term":[{"taxonomy":"category","embeddable":true,"href":"https:\/\/chilecitosports.com.ar\/index.php\/wp-json\/wp\/v2\/categories?post=14230"},{"taxonomy":"post_tag","embeddable":true,"href":"https:\/\/chilecitosports.com.ar\/index.php\/wp-json\/wp\/v2\/tags?post=14230"}],"curies":[{"name":"wp","href":"https:\/\/api.w.org\/{rel}","templated":true}]}}