{"id":14194,"date":"2025-11-27T01:15:26","date_gmt":"2025-11-27T01:15:26","guid":{"rendered":"https:\/\/chilecitosports.com.ar\/?p=14194"},"modified":"2025-11-28T01:56:40","modified_gmt":"2025-11-28T01:56:40","slug":"futbol-santino-ormenos-luna-sigue-un-ano-mas-en-ferro-carril-oeste","status":"publish","type":"post","link":"https:\/\/chilecitosports.com.ar\/index.php\/2025\/11\/27\/futbol-santino-ormenos-luna-sigue-un-ano-mas-en-ferro-carril-oeste\/","title":{"rendered":"F\u00daTBOL NACIONAL: SANTINO RIVEROS LUNA SIGUE UN A\u00d1O MAS EN FERRO CARRIL OESTE"},"content":{"rendered":"<p style=\"text-align: justify;\">El joven chilecite\u00f1o continuar\u00e1 en el equipo de Caballito de Capital Federal.<!--more--><\/p>\n<p style=\"text-align: justify;\">Santino Orme\u00f1os Luna, cumpli\u00f3 en la presente temporada el cuarto a\u00f1o en las inferiores del Club Ferro Carril Oeste de Buenos Aires; y la semana pasada se ratific\u00f3 la continuidad para el 2026, tras una prueba que se realiza en cada fin de a\u00f1o.-<br \/>\nEl jugador nacido en Chilecito hace 16 a\u00f1os pasar\u00e1 ahora a la sexta divisi\u00f3n del equipo de la zona de Caballito.<br \/>\nSantino que se desempe\u00f1a en la zona defensiva tuvo acci\u00f3n esta a\u00f1os\u00a0 en los torneos Metropolitano y AFA con el Verde de Ferro, con una buena proyecci\u00f3n para el a\u00f1o que se viene.<\/p>\n","protected":false},"excerpt":{"rendered":"<p>El joven chilecite\u00f1o continuar\u00e1 en el equipo de Caballito de Capital Federal.<\/p>\n","protected":false},"author":2,"featured_media":14195,"comment_status":"open","ping_status":"open","sticky":false,"template":"","format":"standard","meta":{"footnotes":""},"categories":[1],"tags":[],"class_list":["post-14194","post","type-post","status-publish","format-standard","has-post-thumbnail","hentry","category-nacionales"],"_links":{"self":[{"href":"https:\/\/chilecitosports.com.ar\/index.php\/wp-json\/wp\/v2\/posts\/14194","targetHints":{"allow":["GET"]}}],"collection":[{"href":"https:\/\/chilecitosports.com.ar\/index.php\/wp-json\/wp\/v2\/posts"}],"about":[{"href":"https:\/\/chilecitosports.com.ar\/index.php\/wp-json\/wp\/v2\/types\/post"}],"author":[{"embeddable":true,"href":"https:\/\/chilecitosports.com.ar\/index.php\/wp-json\/wp\/v2\/users\/2"}],"replies":[{"embeddable":true,"href":"https:\/\/chilecitosports.com.ar\/index.php\/wp-json\/wp\/v2\/comments?post=14194"}],"version-history":[{"count":4,"href":"https:\/\/chilecitosports.com.ar\/index.php\/wp-json\/wp\/v2\/posts\/14194\/revisions"}],"predecessor-version":[{"id":14204,"href":"https:\/\/chilecitosports.com.ar\/index.php\/wp-json\/wp\/v2\/posts\/14194\/revisions\/14204"}],"wp:featuredmedia":[{"embeddable":true,"href":"https:\/\/chilecitosports.com.ar\/index.php\/wp-json\/wp\/v2\/media\/14195"}],"wp:attachment":[{"href":"https:\/\/chilecitosports.com.ar\/index.php\/wp-json\/wp\/v2\/media?parent=14194"}],"wp:term":[{"taxonomy":"category","embeddable":true,"href":"https:\/\/chilecitosports.com.ar\/index.php\/wp-json\/wp\/v2\/categories?post=14194"},{"taxonomy":"post_tag","embeddable":true,"href":"https:\/\/chilecitosports.com.ar\/index.php\/wp-json\/wp\/v2\/tags?post=14194"}],"curies":[{"name":"wp","href":"https:\/\/api.w.org\/{rel}","templated":true}]}}