{"id":13777,"date":"2025-11-30T02:14:45","date_gmt":"2025-11-30T02:14:45","guid":{"rendered":"https:\/\/chilecitosports.com.ar\/?p=13777"},"modified":"2025-11-30T11:30:04","modified_gmt":"2025-11-30T11:30:04","slug":"confirmado-dia-y-lugar-de-la-segunda-pelea-de-javier-pozo-como-profesional","status":"publish","type":"post","link":"https:\/\/chilecitosports.com.ar\/index.php\/2025\/11\/30\/confirmado-dia-y-lugar-de-la-segunda-pelea-de-javier-pozo-como-profesional\/","title":{"rendered":"BOXEO: EN BUENOS AIRES, SER\u00c1 LA  SEGUNDA PELEA DE JAVIER POZO COMO PROFESIONAL"},"content":{"rendered":"<p style=\"text-align: justify;\">Ser\u00e1 el 13 de diciembre venidero en Buenos Aires.<!--more--><\/p>\n<p style=\"text-align: justify;\">El chilecite\u00f1o, radicado en C\u00f3rdoba, Javier Ever Pozo (1-0-0, 1 KO) realizar\u00e1 su segunda pelea como profesional, el s\u00e1bado 13 de diciembre, en el estadio de la Federaci\u00f3n Argentina de Box (FAB), ubicado en la ciudad aut\u00f3noma de Buenos Aires, a 4 rounds, frente al bonaerense Alejo Ivo Pervi\u00fa (2-1-1, 0 KO), en categor\u00eda superligero. Este combate ser\u00e1 parte de la velada que organizar\u00e1 OR Promotions y tendr\u00e1 la televisaci\u00f3n de la se\u00f1al de TyC Sports.<\/p>\n<p style=\"text-align: justify;\">Pozo, de 25 a\u00f1os, debut\u00f3 el 18 de octubre pasado con un triunfo por KO1 frente al entrerriano Fernando Javier Araujo, en el Club Atl\u00e9tico Florentino Ameghino, Villa Mar\u00eda, provincia de C\u00f3rdoba.<\/p>\n<p style=\"text-align: justify;\">El p\u00fagil, nativo de Chilecito, provincia de La Rioja, hace 3 a\u00f1os que est\u00e1 viviendo en la ciudad de C\u00f3rdoba y pertenece al gimnasio &#8220;El Aguante&#8221;, liderado por los entrenadores Ram\u00f3n Mamondes y Diego S\u00edvori.<\/p>\n","protected":false},"excerpt":{"rendered":"<p>Ser\u00e1 el 13 de diciembre venidero en Buenos Aires.<\/p>\n","protected":false},"author":2,"featured_media":13778,"comment_status":"open","ping_status":"open","sticky":false,"template":"","format":"standard","meta":{"footnotes":""},"categories":[1],"tags":[],"class_list":["post-13777","post","type-post","status-publish","format-standard","has-post-thumbnail","hentry","category-nacionales"],"_links":{"self":[{"href":"https:\/\/chilecitosports.com.ar\/index.php\/wp-json\/wp\/v2\/posts\/13777","targetHints":{"allow":["GET"]}}],"collection":[{"href":"https:\/\/chilecitosports.com.ar\/index.php\/wp-json\/wp\/v2\/posts"}],"about":[{"href":"https:\/\/chilecitosports.com.ar\/index.php\/wp-json\/wp\/v2\/types\/post"}],"author":[{"embeddable":true,"href":"https:\/\/chilecitosports.com.ar\/index.php\/wp-json\/wp\/v2\/users\/2"}],"replies":[{"embeddable":true,"href":"https:\/\/chilecitosports.com.ar\/index.php\/wp-json\/wp\/v2\/comments?post=13777"}],"version-history":[{"count":2,"href":"https:\/\/chilecitosports.com.ar\/index.php\/wp-json\/wp\/v2\/posts\/13777\/revisions"}],"predecessor-version":[{"id":14173,"href":"https:\/\/chilecitosports.com.ar\/index.php\/wp-json\/wp\/v2\/posts\/13777\/revisions\/14173"}],"wp:featuredmedia":[{"embeddable":true,"href":"https:\/\/chilecitosports.com.ar\/index.php\/wp-json\/wp\/v2\/media\/13778"}],"wp:attachment":[{"href":"https:\/\/chilecitosports.com.ar\/index.php\/wp-json\/wp\/v2\/media?parent=13777"}],"wp:term":[{"taxonomy":"category","embeddable":true,"href":"https:\/\/chilecitosports.com.ar\/index.php\/wp-json\/wp\/v2\/categories?post=13777"},{"taxonomy":"post_tag","embeddable":true,"href":"https:\/\/chilecitosports.com.ar\/index.php\/wp-json\/wp\/v2\/tags?post=13777"}],"curies":[{"name":"wp","href":"https:\/\/api.w.org\/{rel}","templated":true}]}}