{"id":13694,"date":"2025-12-10T00:50:27","date_gmt":"2025-12-10T00:50:27","guid":{"rendered":"https:\/\/chilecitosports.com.ar\/?p=13694"},"modified":"2025-12-11T18:04:29","modified_gmt":"2025-12-11T18:04:29","slug":"secretaria-de-deportes-acondicionamiento-de-la-pileta-municipal-para-la-colonia","status":"publish","type":"post","link":"https:\/\/chilecitosports.com.ar\/index.php\/2025\/12\/10\/secretaria-de-deportes-acondicionamiento-de-la-pileta-municipal-para-la-colonia\/","title":{"rendered":"SECRETARIA DE DEPORTES: CERRARON INSCRIPCIONES PARA LA COLONIA MUNICIPAL DE VERANO"},"content":{"rendered":"<p style=\"text-align: justify;\">Desde la Secretar\u00eda de Deportes de Chilecito inform\u00f3 que este mi\u00e9rcoles cerraron las inscripciones para la Colonia Municipal de Verano que se va a llevar a cabo en el\u00a0 Polideportivo &#8220;Jos\u00e9 Mart\u00edn Spallanzani&#8221; del barrio Castro y Baz\u00e1n.<\/p>\n<p style=\"text-align: justify;\">Ya se comienza a prepararse para recibir a peque\u00f1os y adultos de la temporada de la Colonias de Verano 2025-2026, que se va a iniciarse el 15 de diciembre para los ni\u00f1os (de 5 a 12 a\u00f1os), y para los adultos mayores, que va a comenzar el 17 de diciembre.<\/p>\n<p>&nbsp;<\/p>\n","protected":false},"excerpt":{"rendered":"<p>Desde la Secretar\u00eda de Deportes de Chilecito inform\u00f3 que este mi\u00e9rcoles cerraron las inscripciones para la Colonia Municipal de Verano&hellip;<\/p>\n","protected":false},"author":2,"featured_media":13695,"comment_status":"open","ping_status":"open","sticky":false,"template":"","format":"standard","meta":{"footnotes":""},"categories":[3],"tags":[],"class_list":["post-13694","post","type-post","status-publish","format-standard","has-post-thumbnail","hentry","category-locales"],"_links":{"self":[{"href":"https:\/\/chilecitosports.com.ar\/index.php\/wp-json\/wp\/v2\/posts\/13694","targetHints":{"allow":["GET"]}}],"collection":[{"href":"https:\/\/chilecitosports.com.ar\/index.php\/wp-json\/wp\/v2\/posts"}],"about":[{"href":"https:\/\/chilecitosports.com.ar\/index.php\/wp-json\/wp\/v2\/types\/post"}],"author":[{"embeddable":true,"href":"https:\/\/chilecitosports.com.ar\/index.php\/wp-json\/wp\/v2\/users\/2"}],"replies":[{"embeddable":true,"href":"https:\/\/chilecitosports.com.ar\/index.php\/wp-json\/wp\/v2\/comments?post=13694"}],"version-history":[{"count":5,"href":"https:\/\/chilecitosports.com.ar\/index.php\/wp-json\/wp\/v2\/posts\/13694\/revisions"}],"predecessor-version":[{"id":14529,"href":"https:\/\/chilecitosports.com.ar\/index.php\/wp-json\/wp\/v2\/posts\/13694\/revisions\/14529"}],"wp:featuredmedia":[{"embeddable":true,"href":"https:\/\/chilecitosports.com.ar\/index.php\/wp-json\/wp\/v2\/media\/13695"}],"wp:attachment":[{"href":"https:\/\/chilecitosports.com.ar\/index.php\/wp-json\/wp\/v2\/media?parent=13694"}],"wp:term":[{"taxonomy":"category","embeddable":true,"href":"https:\/\/chilecitosports.com.ar\/index.php\/wp-json\/wp\/v2\/categories?post=13694"},{"taxonomy":"post_tag","embeddable":true,"href":"https:\/\/chilecitosports.com.ar\/index.php\/wp-json\/wp\/v2\/tags?post=13694"}],"curies":[{"name":"wp","href":"https:\/\/api.w.org\/{rel}","templated":true}]}}