{"id":13360,"date":"2025-10-19T14:40:57","date_gmt":"2025-10-19T14:40:57","guid":{"rendered":"https:\/\/chilecitosports.com.ar\/?p=13360"},"modified":"2025-10-20T02:12:39","modified_gmt":"2025-10-20T02:12:39","slug":"futbol-federal-amateurs-en-la-zona-de-j-v-gonzalez-andino-gano-en-olta","status":"publish","type":"post","link":"https:\/\/chilecitosports.com.ar\/index.php\/2025\/10\/19\/futbol-federal-amateurs-en-la-zona-de-j-v-gonzalez-andino-gano-en-olta\/","title":{"rendered":"F\u00daTBOL \u2013 FEDERAL AMATEURS: EN LA ZONA DE J.V.GONZ\u00c1LEZ, ANDINO GAN\u00d3 EN OLTA"},"content":{"rendered":"<p style=\"text-align: justify;\">Este domingo se complet\u00f3 la fecha 1, ahora los nonogaste\u00f1os debutan recibiendo el jueves o viernes de esta semana a los olte\u00f1os de Alto Valle por la segunda fecha de la zona 15.<!--more--><\/p>\n<p style=\"text-align: justify;\">\n<p style=\"text-align: justify;\"><strong>RESULTADOS DEL DOMINGO 19\/10<\/strong><br \/>\n<em><strong>*ZONA 15<\/strong><\/em><br \/>\nAndino arranc\u00f3 con una victoria ante Alto Valle en Chamical<br \/>\nEl \u201cRojinegro\u201d debut\u00f3 con el pie derecho y obtuvo una gran sonrisa en inicio del Torneo Regional Federal Amateur, al lograr la victoria en Chamical, donde derrot\u00f3 por 2 a 1 a Alto Valle de Olta.<\/p>\n<p style=\"text-align: justify;\"><em><strong>*ZONA 16<\/strong><\/em><br \/>\nDefensores aprovech\u00f3 su momento y se llev\u00f3 el triunfo ante Rioja<br \/>\nEl Boquense marc\u00f3 la diferencia en el primer tiempo y luego control\u00f3 el juego para imponerse por 3 a 1 sobre Rioja Juniors en el debut. En esta primera fecha, tuvo jornada libre el bicampe\u00f3n provincial Chacarita de Aimogasta.<\/p>\n","protected":false},"excerpt":{"rendered":"<p>Este domingo se complet\u00f3 la fecha 1, ahora los nonogaste\u00f1os debutan recibiendo el jueves o viernes de esta semana a&hellip;<\/p>\n","protected":false},"author":2,"featured_media":13120,"comment_status":"open","ping_status":"open","sticky":false,"template":"","format":"standard","meta":{"footnotes":""},"categories":[1],"tags":[],"class_list":["post-13360","post","type-post","status-publish","format-standard","has-post-thumbnail","hentry","category-nacionales"],"_links":{"self":[{"href":"https:\/\/chilecitosports.com.ar\/index.php\/wp-json\/wp\/v2\/posts\/13360","targetHints":{"allow":["GET"]}}],"collection":[{"href":"https:\/\/chilecitosports.com.ar\/index.php\/wp-json\/wp\/v2\/posts"}],"about":[{"href":"https:\/\/chilecitosports.com.ar\/index.php\/wp-json\/wp\/v2\/types\/post"}],"author":[{"embeddable":true,"href":"https:\/\/chilecitosports.com.ar\/index.php\/wp-json\/wp\/v2\/users\/2"}],"replies":[{"embeddable":true,"href":"https:\/\/chilecitosports.com.ar\/index.php\/wp-json\/wp\/v2\/comments?post=13360"}],"version-history":[{"count":1,"href":"https:\/\/chilecitosports.com.ar\/index.php\/wp-json\/wp\/v2\/posts\/13360\/revisions"}],"predecessor-version":[{"id":13361,"href":"https:\/\/chilecitosports.com.ar\/index.php\/wp-json\/wp\/v2\/posts\/13360\/revisions\/13361"}],"wp:featuredmedia":[{"embeddable":true,"href":"https:\/\/chilecitosports.com.ar\/index.php\/wp-json\/wp\/v2\/media\/13120"}],"wp:attachment":[{"href":"https:\/\/chilecitosports.com.ar\/index.php\/wp-json\/wp\/v2\/media?parent=13360"}],"wp:term":[{"taxonomy":"category","embeddable":true,"href":"https:\/\/chilecitosports.com.ar\/index.php\/wp-json\/wp\/v2\/categories?post=13360"},{"taxonomy":"post_tag","embeddable":true,"href":"https:\/\/chilecitosports.com.ar\/index.php\/wp-json\/wp\/v2\/tags?post=13360"}],"curies":[{"name":"wp","href":"https:\/\/api.w.org\/{rel}","templated":true}]}}