{"id":13082,"date":"2025-10-18T06:50:37","date_gmt":"2025-10-18T06:50:37","guid":{"rendered":"https:\/\/chilecitosports.com.ar\/?p=13082"},"modified":"2025-10-18T12:04:41","modified_gmt":"2025-10-18T12:04:41","slug":"el-chileciteno-javier-pozo-ya-tiene-rival-para-su-debut-como-profesional","status":"publish","type":"post","link":"https:\/\/chilecitosports.com.ar\/index.php\/2025\/10\/18\/el-chileciteno-javier-pozo-ya-tiene-rival-para-su-debut-como-profesional\/","title":{"rendered":"LLEG\u00d3 EL D\u00cdA, JAVIER POZO HACE SU DEBUT COMO PROFESIONAL EN C\u00d3RDOBA"},"content":{"rendered":"<p style=\"text-align: justify;\">Sera el s\u00e1bado 18 de octubre en localidad cordobesa de Villa Maria.<!--more--><\/p>\n<p style=\"text-align: justify;\">El chilecite\u00f1o, radicado en C\u00f3rdoba, Javier Pozo debutar\u00e1 como profesional el pr\u00f3ximo s\u00e1bado 18 de octubre, frente al entrerriano Fernando Javier Araujo (1-4-0, 1 KO), a 4 rounds, en categor\u00eda superligero, en una velada que se desarrollar\u00e1 en el Club Atl\u00e9tico Florentino Ameghino, Villa Mar\u00eda, provincia de C\u00f3rdoba. La velada, que ser\u00e1 organizada por OR Promotions, ser\u00e1 televisada por la se\u00f1al de TyC Sports.<\/p>\n<p>&nbsp;<\/p>\n","protected":false},"excerpt":{"rendered":"<p>Sera el s\u00e1bado 18 de octubre en localidad cordobesa de Villa Maria.<\/p>\n","protected":false},"author":2,"featured_media":13083,"comment_status":"open","ping_status":"open","sticky":false,"template":"","format":"standard","meta":{"footnotes":""},"categories":[1],"tags":[],"class_list":["post-13082","post","type-post","status-publish","format-standard","has-post-thumbnail","hentry","category-nacionales"],"_links":{"self":[{"href":"https:\/\/chilecitosports.com.ar\/index.php\/wp-json\/wp\/v2\/posts\/13082","targetHints":{"allow":["GET"]}}],"collection":[{"href":"https:\/\/chilecitosports.com.ar\/index.php\/wp-json\/wp\/v2\/posts"}],"about":[{"href":"https:\/\/chilecitosports.com.ar\/index.php\/wp-json\/wp\/v2\/types\/post"}],"author":[{"embeddable":true,"href":"https:\/\/chilecitosports.com.ar\/index.php\/wp-json\/wp\/v2\/users\/2"}],"replies":[{"embeddable":true,"href":"https:\/\/chilecitosports.com.ar\/index.php\/wp-json\/wp\/v2\/comments?post=13082"}],"version-history":[{"count":3,"href":"https:\/\/chilecitosports.com.ar\/index.php\/wp-json\/wp\/v2\/posts\/13082\/revisions"}],"predecessor-version":[{"id":13306,"href":"https:\/\/chilecitosports.com.ar\/index.php\/wp-json\/wp\/v2\/posts\/13082\/revisions\/13306"}],"wp:featuredmedia":[{"embeddable":true,"href":"https:\/\/chilecitosports.com.ar\/index.php\/wp-json\/wp\/v2\/media\/13083"}],"wp:attachment":[{"href":"https:\/\/chilecitosports.com.ar\/index.php\/wp-json\/wp\/v2\/media?parent=13082"}],"wp:term":[{"taxonomy":"category","embeddable":true,"href":"https:\/\/chilecitosports.com.ar\/index.php\/wp-json\/wp\/v2\/categories?post=13082"},{"taxonomy":"post_tag","embeddable":true,"href":"https:\/\/chilecitosports.com.ar\/index.php\/wp-json\/wp\/v2\/tags?post=13082"}],"curies":[{"name":"wp","href":"https:\/\/api.w.org\/{rel}","templated":true}]}}