{"id":11402,"date":"2025-08-03T00:16:58","date_gmt":"2025-08-03T00:16:58","guid":{"rendered":"https:\/\/chilecitosports.com.ar\/?p=11402"},"modified":"2025-08-03T13:05:48","modified_gmt":"2025-08-03T13:05:48","slug":"gabriel-chade-dio-charla-motivacional-en-villa-castelli","status":"publish","type":"post","link":"https:\/\/chilecitosports.com.ar\/index.php\/2025\/08\/03\/gabriel-chade-dio-charla-motivacional-en-villa-castelli\/","title":{"rendered":"GABRIEL CHADE DIO CHARLA MOTIVACIONAL EN VILLA CASTELLI"},"content":{"rendered":"<p style=\"text-align: justify;\">El pasado mi\u00e9rcoles se concret\u00f3 la visita el \u00e1rbitro asistente internacional a esta localidad del oeste de la provincia.<!--more--><\/p>\n<p style=\"text-align: justify;\">El intendente Luis Orquera de la localidad de Villa Castelli, en nombre de toda la comunidad, expresa su m\u00e1s sincero agradecimiento al \u00e1rbitro internacional Gabriel Chade por su valiosa visita, su disposici\u00f3n generosa y su enorme humildad.<br \/>\nChade comparti\u00f3 su experiencia y sus vivencias con cercan\u00eda, respeto y calidez, demostrando que detr\u00e1s de cada gran trayectoria hay una gran persona.<br \/>\nFue un honor recibirlo en nuestro departamento, y nos llena de orgullo saber que figuras como \u00e9l est\u00e1n dispuestas a tender puentes hacia nuestras comunidades.<\/p>\n","protected":false},"excerpt":{"rendered":"<p>El pasado mi\u00e9rcoles se concret\u00f3 la visita el \u00e1rbitro asistente internacional a esta localidad del oeste de la provincia.<\/p>\n","protected":false},"author":2,"featured_media":11403,"comment_status":"open","ping_status":"open","sticky":false,"template":"","format":"standard","meta":{"footnotes":""},"categories":[7],"tags":[],"class_list":["post-11402","post","type-post","status-publish","format-standard","has-post-thumbnail","hentry","category-provinciales"],"_links":{"self":[{"href":"https:\/\/chilecitosports.com.ar\/index.php\/wp-json\/wp\/v2\/posts\/11402","targetHints":{"allow":["GET"]}}],"collection":[{"href":"https:\/\/chilecitosports.com.ar\/index.php\/wp-json\/wp\/v2\/posts"}],"about":[{"href":"https:\/\/chilecitosports.com.ar\/index.php\/wp-json\/wp\/v2\/types\/post"}],"author":[{"embeddable":true,"href":"https:\/\/chilecitosports.com.ar\/index.php\/wp-json\/wp\/v2\/users\/2"}],"replies":[{"embeddable":true,"href":"https:\/\/chilecitosports.com.ar\/index.php\/wp-json\/wp\/v2\/comments?post=11402"}],"version-history":[{"count":0,"href":"https:\/\/chilecitosports.com.ar\/index.php\/wp-json\/wp\/v2\/posts\/11402\/revisions"}],"wp:featuredmedia":[{"embeddable":true,"href":"https:\/\/chilecitosports.com.ar\/index.php\/wp-json\/wp\/v2\/media\/11403"}],"wp:attachment":[{"href":"https:\/\/chilecitosports.com.ar\/index.php\/wp-json\/wp\/v2\/media?parent=11402"}],"wp:term":[{"taxonomy":"category","embeddable":true,"href":"https:\/\/chilecitosports.com.ar\/index.php\/wp-json\/wp\/v2\/categories?post=11402"},{"taxonomy":"post_tag","embeddable":true,"href":"https:\/\/chilecitosports.com.ar\/index.php\/wp-json\/wp\/v2\/tags?post=11402"}],"curies":[{"name":"wp","href":"https:\/\/api.w.org\/{rel}","templated":true}]}}