{"id":19329,"date":"2026-09-02T13:18:28","date_gmt":"2026-09-02T13:18:28","guid":{"rendered":"https:\/\/chilecitosports.com.ar\/?p=19329"},"modified":"2026-09-02T13:18:28","modified_gmt":"2026-09-02T13:18:28","slug":"basquet-provincial-newells-de-nuevo-de-local-ahora-recibe-a-la-fusion-amancay-chamical","status":"publish","type":"post","link":"http:\/\/chilecitosports.com.ar\/index.php\/2026\/09\/02\/basquet-provincial-newells-de-nuevo-de-local-ahora-recibe-a-la-fusion-amancay-chamical\/","title":{"rendered":"B\u00c1SQUET PROVINCIAL: NEWELL\u00b4S DE NUEVO DE LOCAL, AHORA RECIBE A LA FUSI\u00d3N AMANCAY\/CHAMICAL"},"content":{"rendered":"<p style=\"text-align: justify;\">Se juega este viernes desde las 21.30 horas en el Rojinegro de calle La Plata.<!--more--><\/p>\n<p style=\"text-align: justify;\">Segunda presentaci\u00f3n del Club Newell\u00b4s de Chilecito en el provincial de clubes de b\u00e1squet, buscando la recuperaci\u00f3n luego del estreno con derrota de la semana pasada ante el Club Riojano.<\/p>\n<p style=\"text-align: justify;\">El equipo dirigido por Marcelo Olmos se alista de la mejor manera en la semana para recibir por segunda semana consecutiva a un equipo capitalino, esta vez ante \u00a0la fusi\u00f3n de Amancay\/Chamical.<\/p>\n<p style=\"text-align: justify;\">\n<p style=\"text-align: justify;\"><strong>RESTO DE LA FECHA<\/strong><\/p>\n<p style=\"text-align: justify;\">El Torneo Provincial de B\u00e1squetbol 2026, organizado por la Federaci\u00f3n Riojana de B\u00e1squetbol, tendr\u00e1 continuidad con la disputa de su segunda fecha, que comenzar\u00e1 este mi\u00e9rcoles 2 de septiembre y se extender\u00e1 hasta el viernes 4.<\/p>\n<p style=\"text-align: justify;\">La jornada se pondr\u00e1 en marcha este mi\u00e9rcoles con el duelo entre Club Riojano y Banco Rioja, desde las 21:30, en cancha del club Riojano.<\/p>\n<p style=\"text-align: justify;\">La actividad para esta agenda semana la continuar\u00e1 el jueves con el enfrentamiento entre Independiente y Facundo, mientras que el viernes se completar\u00e1 la fecha con una atractiva doble programaci\u00f3n: Newell\u2019s Old Boys de Chilecito recibir\u00e1 a Alianza Ama-Ach y, el estreno de Chamical B\u00e1squet, que ser\u00e1 local frente a Riachuelo.<\/p>\n<p style=\"text-align: justify;\">En esta segunda fecha quedar\u00e1 libre Club Uni\u00f3n, seg\u00fan lo dispuesto por la dirigencia de la Federaci\u00f3n Riojana de B\u00e1squet.<\/p>\n<p>&nbsp;<\/p>\n<p style=\"text-align: justify;\"><strong>POSTERGADO\u00a0<\/strong><\/p>\n<p style=\"text-align: justify;\">Cabe recordar, que fue postergado el choque entre Uni\u00f3n e Independiente, que debian jugar por la fecha inicial de la competencia, pero por pedido de la entidad \u201cMerengue\u201d se decidi\u00f3 la postergaci\u00f3n de ese duelo.<\/p>\n","protected":false},"excerpt":{"rendered":"<p>Se juega este viernes desde las 21.30 horas en el Rojinegro de calle La Plata.<\/p>\n","protected":false},"author":2,"featured_media":19330,"comment_status":"closed","ping_status":"closed","sticky":false,"template":"","format":"standard","meta":{"footnotes":""},"categories":[1],"tags":[],"class_list":["post-19329","post","type-post","status-publish","format-standard","has-post-thumbnail","hentry","category-nacionales"],"_links":{"self":[{"href":"http:\/\/chilecitosports.com.ar\/index.php\/wp-json\/wp\/v2\/posts\/19329","targetHints":{"allow":["GET"]}}],"collection":[{"href":"http:\/\/chilecitosports.com.ar\/index.php\/wp-json\/wp\/v2\/posts"}],"about":[{"href":"http:\/\/chilecitosports.com.ar\/index.php\/wp-json\/wp\/v2\/types\/post"}],"author":[{"embeddable":true,"href":"http:\/\/chilecitosports.com.ar\/index.php\/wp-json\/wp\/v2\/users\/2"}],"replies":[{"embeddable":true,"href":"http:\/\/chilecitosports.com.ar\/index.php\/wp-json\/wp\/v2\/comments?post=19329"}],"version-history":[{"count":1,"href":"http:\/\/chilecitosports.com.ar\/index.php\/wp-json\/wp\/v2\/posts\/19329\/revisions"}],"predecessor-version":[{"id":19331,"href":"http:\/\/chilecitosports.com.ar\/index.php\/wp-json\/wp\/v2\/posts\/19329\/revisions\/19331"}],"wp:featuredmedia":[{"embeddable":true,"href":"http:\/\/chilecitosports.com.ar\/index.php\/wp-json\/wp\/v2\/media\/19330"}],"wp:attachment":[{"href":"http:\/\/chilecitosports.com.ar\/index.php\/wp-json\/wp\/v2\/media?parent=19329"}],"wp:term":[{"taxonomy":"category","embeddable":true,"href":"http:\/\/chilecitosports.com.ar\/index.php\/wp-json\/wp\/v2\/categories?post=19329"},{"taxonomy":"post_tag","embeddable":true,"href":"http:\/\/chilecitosports.com.ar\/index.php\/wp-json\/wp\/v2\/tags?post=19329"}],"curies":[{"name":"wp","href":"https:\/\/api.w.org\/{rel}","templated":true}]}}