{"id":16024,"date":"2026-03-15T13:52:17","date_gmt":"2026-03-15T13:52:17","guid":{"rendered":"https:\/\/chilecitosports.com.ar\/?p=16024"},"modified":"2026-03-15T13:52:17","modified_gmt":"2026-03-15T13:52:17","slug":"la-finalissima-entre-argentina-y-espana-fue-cancelada","status":"publish","type":"post","link":"http:\/\/chilecitosports.com.ar\/index.php\/2026\/03\/15\/la-finalissima-entre-argentina-y-espana-fue-cancelada\/","title":{"rendered":"LA FINALISSIMA ENTRE ARGENTINA Y ESPA\u00d1A FUE CANCELADA"},"content":{"rendered":"<p style=\"text-align: justify;\">Luego de varios idas y vueltas entre la postura de la AFA y la de la UEFA, la confederaci\u00f3n europea anunci\u00f3 la suspensi\u00f3n del encuentro por no haber llegado a un acuerdo con la entidad que maneja el f\u00fatbol en el pa\u00eds.<\/p>\n<p>Se cancel\u00f3 la Finalissima entre Argentina y Espa\u00f1a, que estaba programada para disputarse el 27 de marzo en Qatar, pero tras la guerra en Medio Oriente qued\u00f3 en suspenso y, luego de varios idas y vueltas, la UEFA anunci\u00f3 en un comunicado que no se jugar\u00e1 por no haber podido llegar a un acuerdo con la AFA.<\/p>\n","protected":false},"excerpt":{"rendered":"<p>Luego de varios idas y vueltas entre la postura de la AFA y la de la UEFA, la confederaci\u00f3n europea&hellip;<\/p>\n","protected":false},"author":2,"featured_media":15971,"comment_status":"closed","ping_status":"closed","sticky":false,"template":"","format":"standard","meta":{"footnotes":""},"categories":[6],"tags":[],"class_list":["post-16024","post","type-post","status-publish","format-standard","has-post-thumbnail","hentry","category-internacionales"],"_links":{"self":[{"href":"http:\/\/chilecitosports.com.ar\/index.php\/wp-json\/wp\/v2\/posts\/16024","targetHints":{"allow":["GET"]}}],"collection":[{"href":"http:\/\/chilecitosports.com.ar\/index.php\/wp-json\/wp\/v2\/posts"}],"about":[{"href":"http:\/\/chilecitosports.com.ar\/index.php\/wp-json\/wp\/v2\/types\/post"}],"author":[{"embeddable":true,"href":"http:\/\/chilecitosports.com.ar\/index.php\/wp-json\/wp\/v2\/users\/2"}],"replies":[{"embeddable":true,"href":"http:\/\/chilecitosports.com.ar\/index.php\/wp-json\/wp\/v2\/comments?post=16024"}],"version-history":[{"count":1,"href":"http:\/\/chilecitosports.com.ar\/index.php\/wp-json\/wp\/v2\/posts\/16024\/revisions"}],"predecessor-version":[{"id":16025,"href":"http:\/\/chilecitosports.com.ar\/index.php\/wp-json\/wp\/v2\/posts\/16024\/revisions\/16025"}],"wp:featuredmedia":[{"embeddable":true,"href":"http:\/\/chilecitosports.com.ar\/index.php\/wp-json\/wp\/v2\/media\/15971"}],"wp:attachment":[{"href":"http:\/\/chilecitosports.com.ar\/index.php\/wp-json\/wp\/v2\/media?parent=16024"}],"wp:term":[{"taxonomy":"category","embeddable":true,"href":"http:\/\/chilecitosports.com.ar\/index.php\/wp-json\/wp\/v2\/categories?post=16024"},{"taxonomy":"post_tag","embeddable":true,"href":"http:\/\/chilecitosports.com.ar\/index.php\/wp-json\/wp\/v2\/tags?post=16024"}],"curies":[{"name":"wp","href":"https:\/\/api.w.org\/{rel}","templated":true}]}}