{"id":15967,"date":"2026-03-11T00:22:18","date_gmt":"2026-03-11T00:22:18","guid":{"rendered":"https:\/\/chilecitosports.com.ar\/?p=15967"},"modified":"2026-03-13T00:17:26","modified_gmt":"2026-03-13T00:17:26","slug":"por-el-conflicto-en-medio-oriente-iran-se-baja-del-mundial-2026","status":"publish","type":"post","link":"http:\/\/chilecitosports.com.ar\/index.php\/2026\/03\/11\/por-el-conflicto-en-medio-oriente-iran-se-baja-del-mundial-2026\/","title":{"rendered":"POR EL CONFLICTO EN MEDIO ORIENTE, IR\u00c1N SE BAJA DEL MUNDIAL 2026"},"content":{"rendered":"<p style=\"text-align: justify;\">Doyanmali, Ministro de Deportes, afirm\u00f3 que el seleccionado de su pa\u00eds no asistir\u00e1 a la m\u00e1xima cita del deporte, tras los ataques de Estados Unidos e Israel que provocaron una guerra en Medio Oriente.<!--more--><\/p>\n<p style=\"text-align: justify;\">Ahmad\u00a0Doyanmali, ministro de Deportes de Ir\u00e1n,\u00a0afirm\u00f3 que su pa\u00eds no jugar\u00e1 el Mundial 2026 mediante un dur\u00edsimo comunicado contra Estados Unidos, que horas antes le hab\u00eda abierto las puertas:\u00a0\u201cDado que este gobierno corrupto ha asesinado a nuestro l\u00edder (Al\u00ed Jamenei), no hay condiciones de que podamos participar\u201d.<\/p>\n<p style=\"text-align: justify;\">Doyanmali continu\u00f3, en di\u00e1logo con la Agencia Alemana de Prensa:\u00a0\u201cSe nos han impuesto dos guerras en ocho o nueve meses\u00a0y varios miles de nuestros ciudadanos han sido asesinados. Por lo tanto,\u00a0no tenemos ninguna posibilidad de competir de esta manera\u201d. Finalmente, asegur\u00f3: \u201cSi el pa\u00eds organizador fuera otro, seguramente la comunidad internacional habr\u00eda reaccionado y le habr\u00eda retirado la sede\u201d.<\/p>\n<p style=\"text-align: justify;\">Estados Unidos realiz\u00f3 dos ofensivas contra el r\u00e9gimen iran\u00ed desde que Trump asumi\u00f3 su segundo mandato. Primero, se desarroll\u00f3 la\u00a0Operaci\u00f3n Martillo de Medianoche, que inici\u00f3 y termin\u00f3 el 22 de junio de 2025 y consisti\u00f3 en bombardeos a tres centrales nucleares del pa\u00eds de Medio Oriente. Segundo,\u00a0la guerra que inici\u00f3 el 28 de febrero y a\u00fan sigue en pie. De hecho, en las \u00faltimas horas, el mandatario republicano prometi\u00f3 represalias\u00a0\u201cnunca antes vistas\u201d.<\/p>\n<p style=\"text-align: justify;\">Por otra parte, el presidente de la Federaci\u00f3n Iran\u00ed de F\u00fatbol, Mehdi Taj, pregunt\u00f3:\u00a0\u201c\u00bfQu\u00e9 persona sensata enviar\u00eda a su selecci\u00f3n nacional a Estados Unidos si la Copa del Mundo fuera tan pol\u00edtica como lo fue la Copa de Asia?\u201d. En Australia, el equipo femenino iran\u00ed no cant\u00f3 el himno de su naci\u00f3n y seis jugadoras le solicitaron asilo al gobierno de Anthony Albanese.<\/p>\n<p style=\"text-align: justify;\">Los Leones de Persia se hab\u00edan clasificado para el Grupo G de la m\u00e1xima cita del deporte, que iniciar\u00e1 el 11 de junio, y sus tres partidos obligatorios eran en Estados Unidos. Seg\u00fan su calendario,\u00a0ten\u00edan que enfrentar a Nueva Zelanda y B\u00e9lgica\u00a0en Los \u00c1ngeles y a Egipto en Seattle.<\/p>\n<p style=\"text-align: justify;\">Minutos antes de las palabras de Doyanmali,\u00a0Gianni Infantino, presidente de la FIFA, hab\u00eda revelado:\u00a0\u201cAyer me reun\u00ed con el presidente Trump. Hablamos sobre la actual situaci\u00f3n en Ir\u00e1n y el hecho de que su equipo haya clasificado para participar de la Copa del Mundo.\u00a0Durante la conversaci\u00f3n, Trump reiter\u00f3 que su combinado es, por supuesto, bienvenido a competir\u201d.<\/p>\n<p style=\"text-align: justify;\">Sin embargo,\u00a0los ciudadanos iran\u00edes no son habilitados a entrar en Estados Unidos por el sistema de visados, que la administraci\u00f3n de Trump volvi\u00f3 m\u00e1s estrictos y tambi\u00e9n afecta a Hait\u00ed, Senegal o Costa de Marfil, tambi\u00e9n clasificados a la cita.<\/p>\n<p style=\"text-align: justify;\">Ahora,\u00a0la FIFA debe buscar un sustituto. El apartado 6.7 del reglamento especifica que &#8220;si una federaci\u00f3n participante se retirara o quedara excluida del Mundial de la FIFA 26, la FIFA decidir\u00e1 a su entera discreci\u00f3n al respecto y emprender\u00e1 las acciones que considere necesarias. La FIFA podr\u00e1 decidir, en particular, sustituir dicha federaci\u00f3n por otra&#8221;.<\/p>\n<p style=\"text-align: justify;\">\u00bfQu\u00e9 equipos podr\u00edan verse favorecidos por esa retirada?\u00a0Si se mantiene el cupo otorgado a la Confederaci\u00f3n Asi\u00e1tica (8.5 plazas), la mejor posicionada ser\u00eda la selecci\u00f3n de Irak, que se gan\u00f3 el derecho a jugar el repechaje internacional, el pr\u00f3ximo 31 de marzo contra el ganador de la semifinal entre Bolivia y Surinam. En ese caso, podr\u00eda acudir a esa repesca\u00a0Emiratos \u00c1rabes Unidos, que perdi\u00f3 ante Irak el &#8216;play-off&#8217; de la zona asi\u00e1tica.<\/p>\n","protected":false},"excerpt":{"rendered":"<p>Doyanmali, Ministro de Deportes, afirm\u00f3 que el seleccionado de su pa\u00eds no asistir\u00e1 a la m\u00e1xima cita del deporte, tras&hellip;<\/p>\n","protected":false},"author":2,"featured_media":15968,"comment_status":"closed","ping_status":"closed","sticky":false,"template":"","format":"standard","meta":{"footnotes":""},"categories":[6],"tags":[],"class_list":["post-15967","post","type-post","status-publish","format-standard","has-post-thumbnail","hentry","category-internacionales"],"_links":{"self":[{"href":"http:\/\/chilecitosports.com.ar\/index.php\/wp-json\/wp\/v2\/posts\/15967","targetHints":{"allow":["GET"]}}],"collection":[{"href":"http:\/\/chilecitosports.com.ar\/index.php\/wp-json\/wp\/v2\/posts"}],"about":[{"href":"http:\/\/chilecitosports.com.ar\/index.php\/wp-json\/wp\/v2\/types\/post"}],"author":[{"embeddable":true,"href":"http:\/\/chilecitosports.com.ar\/index.php\/wp-json\/wp\/v2\/users\/2"}],"replies":[{"embeddable":true,"href":"http:\/\/chilecitosports.com.ar\/index.php\/wp-json\/wp\/v2\/comments?post=15967"}],"version-history":[{"count":1,"href":"http:\/\/chilecitosports.com.ar\/index.php\/wp-json\/wp\/v2\/posts\/15967\/revisions"}],"predecessor-version":[{"id":15969,"href":"http:\/\/chilecitosports.com.ar\/index.php\/wp-json\/wp\/v2\/posts\/15967\/revisions\/15969"}],"wp:featuredmedia":[{"embeddable":true,"href":"http:\/\/chilecitosports.com.ar\/index.php\/wp-json\/wp\/v2\/media\/15968"}],"wp:attachment":[{"href":"http:\/\/chilecitosports.com.ar\/index.php\/wp-json\/wp\/v2\/media?parent=15967"}],"wp:term":[{"taxonomy":"category","embeddable":true,"href":"http:\/\/chilecitosports.com.ar\/index.php\/wp-json\/wp\/v2\/categories?post=15967"},{"taxonomy":"post_tag","embeddable":true,"href":"http:\/\/chilecitosports.com.ar\/index.php\/wp-json\/wp\/v2\/tags?post=15967"}],"curies":[{"name":"wp","href":"https:\/\/api.w.org\/{rel}","templated":true}]}}