{"id":1468,"date":"2024-03-25T23:03:14","date_gmt":"2024-03-25T23:03:14","guid":{"rendered":"https:\/\/chilecitosports.com.ar\/?p=1468"},"modified":"2024-03-29T02:36:45","modified_gmt":"2024-03-29T02:36:45","slug":"enuuro-carla-scaglioni-fue-segunda-en-el-inicio-del-campeonato-europeo","status":"publish","type":"post","link":"http:\/\/chilecitosports.com.ar\/index.php\/2024\/03\/25\/enuuro-carla-scaglioni-fue-segunda-en-el-inicio-del-campeonato-europeo\/","title":{"rendered":"ENDURO: CARLA SCAGLIONI FUE SEGUNDA EN EL INICIO DEL CAMPEONATO EUROPEO"},"content":{"rendered":"<p style=\"text-align: justify;\">La chilecite\u00f1a se encuentra radicada en Italia y forma parte del equipo Motoclub AMX de Reggio Emilia. En el certamen participan m\u00e1s de 180 pilotos de toda Europa, logrando el tercer puesto.<!--more-->Carla Scalglioni arranc\u00f3 con todo en el Campeonato Europeo de Enduro, donde este s\u00e1bado se subi\u00f3 al podio.<br \/>\nLa corredora riojana se encuentra radicada en Italia y forma parte del equipo Motoclub AMX de Reggio Emilia, Osellini Motos, quien la convoc\u00f3 para ser parte del torneo Europeo de Enduro que tiene una participaci\u00f3n de m\u00e1s de 180 pilotos de toda Europa, completando el podio en su primera participaci\u00f3n del a\u00f1o.<br \/>\nAl mando de una Husqvarna 250 2t, Carla Scaglioni llev\u00f3 toda su experiencia a la competencia europea y finaliz\u00f3 tercera con un tiempo de 1,04\u201915.68, detras de una competidora de nacionalidad francesa y alemana que se llev\u00f3 la primera posici\u00f3n en la primera carrera del campeonato europeo de enduro que se corre este s\u00e1bado 23 y domingo 24 de marzo con 185 deportistas llegados de toda Europa.<br \/>\nEl Campeonato de Europa de Enduro 24mx, para la temporada 2024, tendr\u00e1 su parada en cuatro Naciones Europeas. La primera fecha se corre en Italia, que tendr\u00e1 el honor de iniciar el a\u00f1o competitivo con un evento de dos d\u00edas que se desarrollar\u00e1 en las calles muchas veces transitadas por grandes campeones de Enduro.<br \/>\nCastiglion Fiorentino, lugar de nacimiento de Fabrizio Meoni, ha sido escenario de numerosos eventos nacionales e internacionales a lo largo de los a\u00f1os; El campeonato de Europa tambi\u00e9n se detuvo all\u00ed con la \u00faltima prueba de la temporada 2009.<br \/>\nLa segunda ronda tendr\u00e1 lugar en la Rep\u00fablica de San Marino que, por primera vez en su historia, ser\u00e1 escenario de un campeonato continental. La ciudad de Baldasserona recibir\u00e1 el evento los d\u00edas 15 y 16 de junio.<br \/>\nLa tercera cita regresaremos a Finlandia; Tambi\u00e9n este a\u00f1o, Sipoo acoger\u00e1 el campeonato de Europa, una vez m\u00e1s protagonista de una carrera europea los d\u00edas 17 y 18 de agosto.<br \/>\nLa \u00faltima carrera tendr\u00e1 lugar en Wolterdorf, Alemania, que, como en 2022, recibir\u00e1 a los pilotos del Campeonato de Europa de 24mx para el acto final de la temporada 2024 los d\u00edas 2 y 3 de noviembre.<br \/>\nFinalmente y como es habitual, la carrera final tambi\u00e9n va a recibir el Campeonato de Europa de Naciones, una competici\u00f3n en la que varios pa\u00edses europeos compiten por hacerse con el t\u00edtulo continental.<\/p>\n","protected":false},"excerpt":{"rendered":"<p>La chilecite\u00f1a se encuentra radicada en Italia y forma parte del equipo Motoclub AMX de Reggio Emilia. En el certamen&hellip;<\/p>\n","protected":false},"author":2,"featured_media":1469,"comment_status":"open","ping_status":"open","sticky":false,"template":"","format":"standard","meta":{"footnotes":""},"categories":[6],"tags":[],"class_list":["post-1468","post","type-post","status-publish","format-standard","has-post-thumbnail","hentry","category-internacionales"],"_links":{"self":[{"href":"http:\/\/chilecitosports.com.ar\/index.php\/wp-json\/wp\/v2\/posts\/1468","targetHints":{"allow":["GET"]}}],"collection":[{"href":"http:\/\/chilecitosports.com.ar\/index.php\/wp-json\/wp\/v2\/posts"}],"about":[{"href":"http:\/\/chilecitosports.com.ar\/index.php\/wp-json\/wp\/v2\/types\/post"}],"author":[{"embeddable":true,"href":"http:\/\/chilecitosports.com.ar\/index.php\/wp-json\/wp\/v2\/users\/2"}],"replies":[{"embeddable":true,"href":"http:\/\/chilecitosports.com.ar\/index.php\/wp-json\/wp\/v2\/comments?post=1468"}],"version-history":[{"count":0,"href":"http:\/\/chilecitosports.com.ar\/index.php\/wp-json\/wp\/v2\/posts\/1468\/revisions"}],"wp:featuredmedia":[{"embeddable":true,"href":"http:\/\/chilecitosports.com.ar\/index.php\/wp-json\/wp\/v2\/media\/1469"}],"wp:attachment":[{"href":"http:\/\/chilecitosports.com.ar\/index.php\/wp-json\/wp\/v2\/media?parent=1468"}],"wp:term":[{"taxonomy":"category","embeddable":true,"href":"http:\/\/chilecitosports.com.ar\/index.php\/wp-json\/wp\/v2\/categories?post=1468"},{"taxonomy":"post_tag","embeddable":true,"href":"http:\/\/chilecitosports.com.ar\/index.php\/wp-json\/wp\/v2\/tags?post=1468"}],"curies":[{"name":"wp","href":"https:\/\/api.w.org\/{rel}","templated":true}]}}